{"id":10575,"date":"2016-07-11T15:53:56","date_gmt":"2016-07-11T14:53:56","guid":{"rendered":"http:\/\/www.feuerwehr-damme.de\/?p=10575"},"modified":"2016-07-12T15:59:42","modified_gmt":"2016-07-12T14:59:42","slug":"10575","status":"publish","type":"post","link":"http:\/\/www.feuerwehr-damme.de\/?p=10575","title":{"rendered":"Auszeichnung f\u00fcr unseren Kameraden Jan von Handorff"},"content":{"rendered":"<p>Unser Feuerwehrkamerad Jan von Handorff wurde k\u00fcrzlich f\u00fcr sein couragiertes Handeln ausgezeichnet.<\/p>\n<p>Wir gratulieren Ihm hierzu herzlichst.<\/p>\n<p>Die Kameraden und Kameradinnen der Freiwilligen Feuerwehr Damme<\/p>\n<p><strong>,,Held der Stra\u00dfe&#8220; findet Verletzten<\/strong><\/p>\n<div style=\"width: 511px\" class=\"wp-caption alignnone\"><img loading=\"lazy\" decoding=\"async\" draggable=\"false\" src=\"http:\/\/auto-presse.de\/newssys\/galerie\/369083\/369083_2_1000x.jpg\" alt=\"img\" width=\"501\" height=\"334\" \/><p class=\"wp-caption-text\">Foto: Goodyear<\/p><\/div>\n<p>&nbsp;<\/p>\n<p>Jan von Handorff war am 20. Mai dieses Jahres auf der B214 unterwegs als er bei Harpendorf im nieders\u00e4chsischen Landkreis Vechta eine Colaflasche und Erde auf der Fahrbahn entdeckte. Nach kurzer Suche entdeckt er in einem schwer einsehbaren Graben einen Verletzten, der aus seinem Auto geschleudert worden war. Der in Damme wohnende Speditionskaufmann leitet sofort erste Hilfsma\u00dfnahmen ein und wurde nun f\u00fcr sein engagiertes Handeln von Goodyear und dem Automobilclub von Deutschland (AvD) zum ,,Held der Stra\u00dfe&#8220; des Monats Juli gek\u00fcrt.<\/p>\n<p>Jan von Handorff befuhr zusammen mit seiner Ehefrau die zu dieser Zeit schon relativ einsame B214 von Holdorf in Richtung Steinfeld im Landkreis Vechta. Auf H\u00f6he von Harpendorf bemerkte der 26-J\u00e4hrige am Rand der Fahrbahn eine gef\u00fcllte Colaflasche und etwas Erde.Als der junge Autofahrer seinen PKW nach ein paar hundert Metern wendet und ganz langsam zur\u00fcckf\u00e4hrt, sieht er im dichten Gr\u00fcnstreifen neben der Fahrbahn etwas Blech schimmern. Als er etwa zehn Meter neben dem stark besch\u00e4digten Twingo auch noch einen schwer verletzten jungen Mann liegen sah, handelte er sofort. Augenscheinlich war dieser nicht angeschnallt gewesen und folglich beim Crash aus dem Wagen geschleudert worden.<\/p>\n<p>Als Mitglied der Freiwilligen Feuerwehr Damme handelte der Ersthelfer sofort und \u00fcbernahm in dieser komplexen Situation die Koordination der Rettungsma\u00dfnahmen, auch wenn er selbst mit Verkehrsunf\u00e4llen bislang eher wenig zu tun gehabt hatte. Zun\u00e4chst hielt er zwei weitere Autofahrer an, die sich zusammen mit seiner Frau um den Verletzten k\u00fcmmern sollten. Denn dieser brauchte dringend eine Decke und zudem musste jemand seinen Kopf halten, damit er nicht an seinem eigenen Blut erstickte. Der Speditionskaufmann selbst verst\u00e4ndigte den Notruf und \u00fcbernahm die wichtige Aufgabe, die Unfallstelle, an der mittlerweile mehrere Fahrzeuge standen, abzusichern.<\/p>\n<p>F\u00fcr sein Engagement wurde Jan von Handorff nun zum ,,Held der Stra\u00dfe&#8220; des Monats Juli gek\u00fcrt. Neben der Auszeichnung erhielt er vom Automobilpartner Hyundai vier Eintrittskarten f\u00fcr das Legoland, ein Erste-Hilfe-Set von Goodyear und eine kostenlose Mitgliedschaft im AvD f\u00fcr ein Jahr. Die Preise wurden im Hyundai Autohaus Borchardt in Stemwede-Dielingen \u00fcbergeben.<\/p>\n<p>Goodyear und der AvD suchen Monat f\u00fcr Monat mutige und selbstlose Heldinnen und Helden wie Jan von Handorff. Auf den aus allen Helden des Monats gew\u00e4hlten ,,Held der Stra\u00dfe&#8220; des Jahres 2016 wartet ein neuer i30 des Automobilpartners Hyundai. Unterst\u00fctzt wird die Aktion unter der Schirmherrschaft des Bundesverkehrsministers Alexander Dobrindt von den beiden Zeitschriften ,,Auto Test&#8220; und ,,Trucker&#8220;.<\/p>\n<p>Damit ein selbstloser Einsatz nicht unentdeckt bleibt, sind alle angesprochen, einen m\u00f6glichen ,,Held der Stra\u00dfe&#8220; vorzuschlagen. Dies kann \u00fcber die Nominierungsseite der Kampagnenseite www.held-der-strasse.de oder per Fax unter 06181-68-2252 erfolgen. (ampnet\/nic)<\/p>\n<p>Der Artikel &#8222;,,Held der Stra\u00dfe&#8220; findet Verletzten&#8220; wurde am 11.07.2016 in der Kategorie News von ampnet mit den Stichw\u00f6rtern Goodyear, Held der Stra\u00dfe, News, ver\u00f6ffentlicht.<\/p>\n","protected":false},"excerpt":{"rendered":"<p>Unser Feuerwehrkamerad Jan von Handorff wurde k\u00fcrzlich f\u00fcr sein couragiertes Handeln ausgezeichnet. Wir gratulieren Ihm hierzu herzlichst. Die Kameraden und Kameradinnen der Freiwilligen Feuerwehr Damme ,,Held der Stra\u00dfe&#8220; findet Verletzten &nbsp; Jan von Handorff war am 20. Mai dieses Jahres auf der B214 unterwegs als er bei Harpendorf im nieders\u00e4chsischen Landkreis Vechta eine Colaflasche und [&hellip;]<\/p>\n","protected":false},"author":2,"featured_media":0,"comment_status":"closed","ping_status":"open","sticky":false,"template":"","format":"standard","meta":{"footnotes":""},"categories":[1,5],"tags":[],"class_list":["post-10575","post","type-post","status-publish","format-standard","hentry","category-uncategorized","category-kameradschaft"],"_links":{"self":[{"href":"http:\/\/www.feuerwehr-damme.de\/index.php?rest_route=\/wp\/v2\/posts\/10575","targetHints":{"allow":["GET"]}}],"collection":[{"href":"http:\/\/www.feuerwehr-damme.de\/index.php?rest_route=\/wp\/v2\/posts"}],"about":[{"href":"http:\/\/www.feuerwehr-damme.de\/index.php?rest_route=\/wp\/v2\/types\/post"}],"author":[{"embeddable":true,"href":"http:\/\/www.feuerwehr-damme.de\/index.php?rest_route=\/wp\/v2\/users\/2"}],"replies":[{"embeddable":true,"href":"http:\/\/www.feuerwehr-damme.de\/index.php?rest_route=%2Fwp%2Fv2%2Fcomments&post=10575"}],"version-history":[{"count":6,"href":"http:\/\/www.feuerwehr-damme.de\/index.php?rest_route=\/wp\/v2\/posts\/10575\/revisions"}],"predecessor-version":[{"id":10579,"href":"http:\/\/www.feuerwehr-damme.de\/index.php?rest_route=\/wp\/v2\/posts\/10575\/revisions\/10579"}],"wp:attachment":[{"href":"http:\/\/www.feuerwehr-damme.de\/index.php?rest_route=%2Fwp%2Fv2%2Fmedia&parent=10575"}],"wp:term":[{"taxonomy":"category","embeddable":true,"href":"http:\/\/www.feuerwehr-damme.de\/index.php?rest_route=%2Fwp%2Fv2%2Fcategories&post=10575"},{"taxonomy":"post_tag","embeddable":true,"href":"http:\/\/www.feuerwehr-damme.de\/index.php?rest_route=%2Fwp%2Fv2%2Ftags&post=10575"}],"curies":[{"name":"wp","href":"https:\/\/api.w.org\/{rel}","templated":true}]}}