{"id":13504,"date":"2019-04-27T01:45:48","date_gmt":"2019-04-26T23:45:48","guid":{"rendered":"http:\/\/www.feuerwehr-damme.de\/?p=13504"},"modified":"2019-04-27T12:28:50","modified_gmt":"2019-04-27T10:28:50","slug":"altpapiertonnenbrand-muehlenstrasse","status":"publish","type":"post","link":"http:\/\/www.feuerwehr-damme.de\/?p=13504","title":{"rendered":"Altpapiertonnenbrand M\u00fchlenstra\u00dfe"},"content":{"rendered":"<p>Einsatz Nr. 42<br \/>\nDer Brandeinsatz Im Hofe war gerade abgeschlossen, da meldete die Einsatzleitstelle Vechta um 01:45 einen erneuten Brandeinsatz.<br \/>\nDiesmal brannte auf der M\u00fchlenstra\u00dfe neben der Felta Tankstelle eine blaue Altpapiertonne. Auch diese Feuer konnte z\u00fcgig abgel\u00f6scht werden. Allerdings brannte auch diese Papiertonne vollst\u00e4ndig nieder.<br \/>\nDie Polizei hat die Ermittlungen zur Brandursache in beiden Brandf\u00e4llen aufgenommen. Eine Selbstentz\u00fcndung kann aber als Brandursache wohl eher ausgeschlossen werden.<\/p>\n<p>Im Einsatz: PKW OrtsBM, TLF 16\/25, Polizei Damme.<br \/>\nArt: F1<br \/>\nAlarmierung: Per Funk<br \/>\nEinsatzende: 02:45<\/p>\n\n\t\t<style type=\"text\/css\">\n\t\t\t#gallery-1 {\n\t\t\t\tmargin: auto;\n\t\t\t}\n\t\t\t#gallery-1 .gallery-item {\n\t\t\t\tfloat: left;\n\t\t\t\tmargin-top: 10px;\n\t\t\t\ttext-align: center;\n\t\t\t\twidth: 33%;\n\t\t\t}\n\t\t\t#gallery-1 img {\n\t\t\t\tborder: 2px solid #cfcfcf;\n\t\t\t}\n\t\t\t#gallery-1 .gallery-caption {\n\t\t\t\tmargin-left: 0;\n\t\t\t}\n\t\t\t\/* see gallery_shortcode() in wp-includes\/media.php *\/\n\t\t<\/style>\n\t\t<div id='gallery-1' class='gallery galleryid-13504 gallery-columns-3 gallery-size-thumbnail'><dl class='gallery-item'>\n\t\t\t<dt class='gallery-icon portrait'>\n\t\t\t\t<a href='http:\/\/www.feuerwehr-damme.de\/wp-content\/uploads\/2019\/04\/Brand-Papiercontainer-M\u00fchlenstrasse-27.04.19-01.jpg' rel=\"lightbox[13504]\"><img loading=\"lazy\" decoding=\"async\" width=\"150\" height=\"150\" src=\"http:\/\/www.feuerwehr-damme.de\/wp-content\/uploads\/2019\/04\/Brand-Papiercontainer-M\u00fchlenstrasse-27.04.19-01-150x150.jpg\" class=\"attachment-thumbnail size-thumbnail\" alt=\"\" srcset=\"http:\/\/www.feuerwehr-damme.de\/wp-content\/uploads\/2019\/04\/Brand-Papiercontainer-M\u00fchlenstrasse-27.04.19-01-150x150.jpg 150w, http:\/\/www.feuerwehr-damme.de\/wp-content\/uploads\/2019\/04\/Brand-Papiercontainer-M\u00fchlenstrasse-27.04.19-01-144x144.jpg 144w\" sizes=\"auto, (max-width: 150px) 100vw, 150px\" \/><\/a>\n\t\t\t<\/dt><\/dl><dl class='gallery-item'>\n\t\t\t<dt class='gallery-icon portrait'>\n\t\t\t\t<a href='http:\/\/www.feuerwehr-damme.de\/wp-content\/uploads\/2019\/04\/Brand-Papiercontainer-M\u00fchlenstrasse-27.04.19-02.jpg' rel=\"lightbox[13504]\"><img loading=\"lazy\" decoding=\"async\" width=\"150\" height=\"150\" src=\"http:\/\/www.feuerwehr-damme.de\/wp-content\/uploads\/2019\/04\/Brand-Papiercontainer-M\u00fchlenstrasse-27.04.19-02-150x150.jpg\" class=\"attachment-thumbnail size-thumbnail\" alt=\"\" srcset=\"http:\/\/www.feuerwehr-damme.de\/wp-content\/uploads\/2019\/04\/Brand-Papiercontainer-M\u00fchlenstrasse-27.04.19-02-150x150.jpg 150w, http:\/\/www.feuerwehr-damme.de\/wp-content\/uploads\/2019\/04\/Brand-Papiercontainer-M\u00fchlenstrasse-27.04.19-02-144x144.jpg 144w\" sizes=\"auto, (max-width: 150px) 100vw, 150px\" \/><\/a>\n\t\t\t<\/dt><\/dl><dl class='gallery-item'>\n\t\t\t<dt class='gallery-icon portrait'>\n\t\t\t\t<a href='http:\/\/www.feuerwehr-damme.de\/wp-content\/uploads\/2019\/04\/Brand-Papiercontainer-M\u00fchlenstrasse-27.04.19-04.jpg' rel=\"lightbox[13504]\"><img loading=\"lazy\" decoding=\"async\" width=\"150\" height=\"150\" src=\"http:\/\/www.feuerwehr-damme.de\/wp-content\/uploads\/2019\/04\/Brand-Papiercontainer-M\u00fchlenstrasse-27.04.19-04-150x150.jpg\" class=\"attachment-thumbnail size-thumbnail\" alt=\"\" srcset=\"http:\/\/www.feuerwehr-damme.de\/wp-content\/uploads\/2019\/04\/Brand-Papiercontainer-M\u00fchlenstrasse-27.04.19-04-150x150.jpg 150w, http:\/\/www.feuerwehr-damme.de\/wp-content\/uploads\/2019\/04\/Brand-Papiercontainer-M\u00fchlenstrasse-27.04.19-04-144x144.jpg 144w\" sizes=\"auto, (max-width: 150px) 100vw, 150px\" \/><\/a>\n\t\t\t<\/dt><\/dl><br style=\"clear: both\" \/><dl class='gallery-item'>\n\t\t\t<dt class='gallery-icon portrait'>\n\t\t\t\t<a href='http:\/\/www.feuerwehr-damme.de\/wp-content\/uploads\/2019\/04\/Brand-Papiercontainer-M\u00fchlenstrasse-27.04.19-05.jpg' rel=\"lightbox[13504]\"><img loading=\"lazy\" decoding=\"async\" width=\"150\" height=\"150\" src=\"http:\/\/www.feuerwehr-damme.de\/wp-content\/uploads\/2019\/04\/Brand-Papiercontainer-M\u00fchlenstrasse-27.04.19-05-150x150.jpg\" class=\"attachment-thumbnail size-thumbnail\" alt=\"\" srcset=\"http:\/\/www.feuerwehr-damme.de\/wp-content\/uploads\/2019\/04\/Brand-Papiercontainer-M\u00fchlenstrasse-27.04.19-05-150x150.jpg 150w, http:\/\/www.feuerwehr-damme.de\/wp-content\/uploads\/2019\/04\/Brand-Papiercontainer-M\u00fchlenstrasse-27.04.19-05-144x144.jpg 144w\" sizes=\"auto, (max-width: 150px) 100vw, 150px\" \/><\/a>\n\t\t\t<\/dt><\/dl><dl class='gallery-item'>\n\t\t\t<dt class='gallery-icon portrait'>\n\t\t\t\t<a href='http:\/\/www.feuerwehr-damme.de\/wp-content\/uploads\/2019\/04\/Brand-Papiercontainer-M\u00fchlenstrasse-27.04.19-06.jpg' rel=\"lightbox[13504]\"><img loading=\"lazy\" decoding=\"async\" width=\"150\" height=\"150\" src=\"http:\/\/www.feuerwehr-damme.de\/wp-content\/uploads\/2019\/04\/Brand-Papiercontainer-M\u00fchlenstrasse-27.04.19-06-150x150.jpg\" class=\"attachment-thumbnail size-thumbnail\" alt=\"\" srcset=\"http:\/\/www.feuerwehr-damme.de\/wp-content\/uploads\/2019\/04\/Brand-Papiercontainer-M\u00fchlenstrasse-27.04.19-06-150x150.jpg 150w, http:\/\/www.feuerwehr-damme.de\/wp-content\/uploads\/2019\/04\/Brand-Papiercontainer-M\u00fchlenstrasse-27.04.19-06-144x144.jpg 144w\" sizes=\"auto, (max-width: 150px) 100vw, 150px\" \/><\/a>\n\t\t\t<\/dt><\/dl>\n\t\t\t<br style='clear: both' \/>\n\t\t<\/div>\n\n","protected":false},"excerpt":{"rendered":"<p>Einsatz Nr. 42 Der Brandeinsatz Im Hofe war gerade abgeschlossen, da meldete die Einsatzleitstelle Vechta um 01:45 einen erneuten Brandeinsatz. Diesmal brannte auf der M\u00fchlenstra\u00dfe neben der Felta Tankstelle eine blaue Altpapiertonne. Auch diese Feuer konnte z\u00fcgig abgel\u00f6scht werden. Allerdings brannte auch diese Papiertonne vollst\u00e4ndig nieder. Die Polizei hat die Ermittlungen zur Brandursache in beiden [&hellip;]<\/p>\n","protected":false},"author":2,"featured_media":0,"comment_status":"closed","ping_status":"open","sticky":false,"template":"","format":"standard","meta":{"footnotes":""},"categories":[4],"tags":[],"class_list":["post-13504","post","type-post","status-publish","format-standard","hentry","category-einsaetze"],"_links":{"self":[{"href":"http:\/\/www.feuerwehr-damme.de\/index.php?rest_route=\/wp\/v2\/posts\/13504","targetHints":{"allow":["GET"]}}],"collection":[{"href":"http:\/\/www.feuerwehr-damme.de\/index.php?rest_route=\/wp\/v2\/posts"}],"about":[{"href":"http:\/\/www.feuerwehr-damme.de\/index.php?rest_route=\/wp\/v2\/types\/post"}],"author":[{"embeddable":true,"href":"http:\/\/www.feuerwehr-damme.de\/index.php?rest_route=\/wp\/v2\/users\/2"}],"replies":[{"embeddable":true,"href":"http:\/\/www.feuerwehr-damme.de\/index.php?rest_route=%2Fwp%2Fv2%2Fcomments&post=13504"}],"version-history":[{"count":3,"href":"http:\/\/www.feuerwehr-damme.de\/index.php?rest_route=\/wp\/v2\/posts\/13504\/revisions"}],"predecessor-version":[{"id":13518,"href":"http:\/\/www.feuerwehr-damme.de\/index.php?rest_route=\/wp\/v2\/posts\/13504\/revisions\/13518"}],"wp:attachment":[{"href":"http:\/\/www.feuerwehr-damme.de\/index.php?rest_route=%2Fwp%2Fv2%2Fmedia&parent=13504"}],"wp:term":[{"taxonomy":"category","embeddable":true,"href":"http:\/\/www.feuerwehr-damme.de\/index.php?rest_route=%2Fwp%2Fv2%2Fcategories&post=13504"},{"taxonomy":"post_tag","embeddable":true,"href":"http:\/\/www.feuerwehr-damme.de\/index.php?rest_route=%2Fwp%2Fv2%2Ftags&post=13504"}],"curies":[{"name":"wp","href":"https:\/\/api.w.org\/{rel}","templated":true}]}}