{"id":14078,"date":"2019-08-25T02:15:17","date_gmt":"2019-08-25T00:15:17","guid":{"rendered":"http:\/\/www.feuerwehr-damme.de\/?p=14078"},"modified":"2019-12-18T12:36:48","modified_gmt":"2019-12-18T10:36:48","slug":"papiertonenbrand-gartenstrasse-damme","status":"publish","type":"post","link":"http:\/\/www.feuerwehr-damme.de\/?p=14078","title":{"rendered":"Papiertonenbrand Gartenstra\u00dfe Damme"},"content":{"rendered":"<p>Einsatz Nr. 102<br \/>\nAls die L\u00f6scharbeiten an der Gro\u00dfen Stra\u00dfe gerade beendet waren, wurde von der Polizei um 02:15 eine brennende Altpapiertonne an der Gartenstra\u00dfe entdeckt. Die brennende Tonne stand direkt unter einem Abdach. Die Polizisten zogen die Tonne sofort unter dem Abdach hervor und bek\u00e4mpften das Feuer mittels Feuerl\u00f6scher.<br \/>\nMit dem Schnellangriff \u00fcbernahm die Feuerwehr dann die Nachl\u00f6scharbeiten.<br \/>\nAuch in diesem Fall ist die Brandursache abermals unbekannt.<\/p>\n<p>Im Einsatz: PKW OrtsBM, TLF 16\/ 25, ELW 1, Polizei Damme.<br \/>\nArt: F 1<br \/>\nAlarmierungsgruppen: F\u00fchrung\/ LG 1<br \/>\nEinsatzende: 02:30<\/p>\n\n\t\t<style type=\"text\/css\">\n\t\t\t#gallery-1 {\n\t\t\t\tmargin: auto;\n\t\t\t}\n\t\t\t#gallery-1 .gallery-item {\n\t\t\t\tfloat: left;\n\t\t\t\tmargin-top: 10px;\n\t\t\t\ttext-align: center;\n\t\t\t\twidth: 33%;\n\t\t\t}\n\t\t\t#gallery-1 img {\n\t\t\t\tborder: 2px solid #cfcfcf;\n\t\t\t}\n\t\t\t#gallery-1 .gallery-caption {\n\t\t\t\tmargin-left: 0;\n\t\t\t}\n\t\t\t\/* see gallery_shortcode() in wp-includes\/media.php *\/\n\t\t<\/style>\n\t\t<div id='gallery-1' class='gallery galleryid-14078 gallery-columns-3 gallery-size-thumbnail'><dl class='gallery-item'>\n\t\t\t<dt class='gallery-icon landscape'>\n\t\t\t\t<a href='http:\/\/www.feuerwehr-damme.de\/wp-content\/uploads\/2019\/08\/Papiertonnenbrand-Gartenstra\u00dfe-25.08.19-01.jpg' rel=\"lightbox[14078]\"><img loading=\"lazy\" decoding=\"async\" width=\"150\" height=\"150\" src=\"http:\/\/www.feuerwehr-damme.de\/wp-content\/uploads\/2019\/08\/Papiertonnenbrand-Gartenstra\u00dfe-25.08.19-01-150x150.jpg\" class=\"attachment-thumbnail size-thumbnail\" alt=\"\" srcset=\"http:\/\/www.feuerwehr-damme.de\/wp-content\/uploads\/2019\/08\/Papiertonnenbrand-Gartenstra\u00dfe-25.08.19-01-150x150.jpg 150w, http:\/\/www.feuerwehr-damme.de\/wp-content\/uploads\/2019\/08\/Papiertonnenbrand-Gartenstra\u00dfe-25.08.19-01-144x144.jpg 144w\" sizes=\"auto, (max-width: 150px) 100vw, 150px\" \/><\/a>\n\t\t\t<\/dt><\/dl><dl class='gallery-item'>\n\t\t\t<dt class='gallery-icon landscape'>\n\t\t\t\t<a href='http:\/\/www.feuerwehr-damme.de\/wp-content\/uploads\/2019\/08\/Papiertonnenbrand-Gartenstra\u00dfe-25.08.19-02.jpg' rel=\"lightbox[14078]\"><img loading=\"lazy\" decoding=\"async\" width=\"150\" height=\"150\" src=\"http:\/\/www.feuerwehr-damme.de\/wp-content\/uploads\/2019\/08\/Papiertonnenbrand-Gartenstra\u00dfe-25.08.19-02-150x150.jpg\" class=\"attachment-thumbnail size-thumbnail\" alt=\"\" srcset=\"http:\/\/www.feuerwehr-damme.de\/wp-content\/uploads\/2019\/08\/Papiertonnenbrand-Gartenstra\u00dfe-25.08.19-02-150x150.jpg 150w, http:\/\/www.feuerwehr-damme.de\/wp-content\/uploads\/2019\/08\/Papiertonnenbrand-Gartenstra\u00dfe-25.08.19-02-144x144.jpg 144w\" sizes=\"auto, (max-width: 150px) 100vw, 150px\" \/><\/a>\n\t\t\t<\/dt><\/dl>\n\t\t\t<br style='clear: both' \/>\n\t\t<\/div>\n\n","protected":false},"excerpt":{"rendered":"<p>Einsatz Nr. 102 Als die L\u00f6scharbeiten an der Gro\u00dfen Stra\u00dfe gerade beendet waren, wurde von der Polizei um 02:15 eine brennende Altpapiertonne an der Gartenstra\u00dfe entdeckt. Die brennende Tonne stand direkt unter einem Abdach. Die Polizisten zogen die Tonne sofort unter dem Abdach hervor und bek\u00e4mpften das Feuer mittels Feuerl\u00f6scher. Mit dem Schnellangriff \u00fcbernahm die [&hellip;]<\/p>\n","protected":false},"author":2,"featured_media":0,"comment_status":"closed","ping_status":"open","sticky":false,"template":"","format":"standard","meta":{"footnotes":""},"categories":[4],"tags":[],"class_list":["post-14078","post","type-post","status-publish","format-standard","hentry","category-einsaetze"],"_links":{"self":[{"href":"http:\/\/www.feuerwehr-damme.de\/index.php?rest_route=\/wp\/v2\/posts\/14078","targetHints":{"allow":["GET"]}}],"collection":[{"href":"http:\/\/www.feuerwehr-damme.de\/index.php?rest_route=\/wp\/v2\/posts"}],"about":[{"href":"http:\/\/www.feuerwehr-damme.de\/index.php?rest_route=\/wp\/v2\/types\/post"}],"author":[{"embeddable":true,"href":"http:\/\/www.feuerwehr-damme.de\/index.php?rest_route=\/wp\/v2\/users\/2"}],"replies":[{"embeddable":true,"href":"http:\/\/www.feuerwehr-damme.de\/index.php?rest_route=%2Fwp%2Fv2%2Fcomments&post=14078"}],"version-history":[{"count":4,"href":"http:\/\/www.feuerwehr-damme.de\/index.php?rest_route=\/wp\/v2\/posts\/14078\/revisions"}],"predecessor-version":[{"id":14353,"href":"http:\/\/www.feuerwehr-damme.de\/index.php?rest_route=\/wp\/v2\/posts\/14078\/revisions\/14353"}],"wp:attachment":[{"href":"http:\/\/www.feuerwehr-damme.de\/index.php?rest_route=%2Fwp%2Fv2%2Fmedia&parent=14078"}],"wp:term":[{"taxonomy":"category","embeddable":true,"href":"http:\/\/www.feuerwehr-damme.de\/index.php?rest_route=%2Fwp%2Fv2%2Fcategories&post=14078"},{"taxonomy":"post_tag","embeddable":true,"href":"http:\/\/www.feuerwehr-damme.de\/index.php?rest_route=%2Fwp%2Fv2%2Ftags&post=14078"}],"curies":[{"name":"wp","href":"https:\/\/api.w.org\/{rel}","templated":true}]}}