{"id":15291,"date":"2020-11-01T16:05:14","date_gmt":"2020-11-01T14:05:14","guid":{"rendered":"http:\/\/www.feuerwehr-damme.de\/?p=15291"},"modified":"2020-11-02T11:08:22","modified_gmt":"2020-11-02T09:08:22","slug":"ehrenorstbrandmeister-josef-von-der-heide-verstorben","status":"publish","type":"post","link":"http:\/\/www.feuerwehr-damme.de\/?p=15291","title":{"rendered":"Ehrenortsbrandmeister Josef von der Heide verstorben"},"content":{"rendered":"<p><a href=\"http:\/\/www.feuerwehr-damme.de\/wp-content\/uploads\/2020\/10\/J.v.d.Heide_-1.jpg\" rel=\"lightbox[15291]\"><img loading=\"lazy\" decoding=\"async\" class=\"alignnone size-medium wp-image-15293\" src=\"http:\/\/www.feuerwehr-damme.de\/wp-content\/uploads\/2020\/10\/J.v.d.Heide_-1-300x225.jpg\" alt=\"\" width=\"300\" height=\"225\" srcset=\"http:\/\/www.feuerwehr-damme.de\/wp-content\/uploads\/2020\/10\/J.v.d.Heide_-1-300x225.jpg 300w, http:\/\/www.feuerwehr-damme.de\/wp-content\/uploads\/2020\/10\/J.v.d.Heide_-1-768x576.jpg 768w, http:\/\/www.feuerwehr-damme.de\/wp-content\/uploads\/2020\/10\/J.v.d.Heide_-1.jpg 1024w\" sizes=\"auto, (max-width: 300px) 100vw, 300px\" \/><\/a><\/p>\n<p>Traurig mussten wir Kenntnis dar\u00fcber nehmen, dass unser Ehrenortsbrandmeister Josef von der Heide verstorben ist.<\/p>\n<p>Er war seit 1953 Mitglied der Freiwilligen Feuerwehr Damme. Von 1962 bis 1994 hatte er das Amt des Ger\u00e4tewartes inne. Diese f\u00fchrte er mit einer sehr gro\u00dfen Leidenschaft und immer sehr gewissenhaft aus.<\/p>\n<p>Zudem war es seit 1981 als Gruppenf\u00fchrer und seit 1982 als Zugf\u00fchrer eingesetzt.<br \/>\nVon 1990 bis 1994 war er stellvertretender Ortsbrandmeister.<\/p>\n<p>Als es 1994 zu einem gro\u00dfen Bruch, gefolgt vom Austritt fast aller Mitglieder in der Feuerwehr Damme kam, blieb er der Feuerwehr treu und \u00fcbernahm das Amt des Ortsbrandmeisters am 01.09.1994.<\/p>\n<p>Bis zu seinem Ausscheiden am 01.12.1999, wegen Erreichens der Altersgrenze, f\u00fchrte er dieses Amt aus. Auch war er ma\u00dfgeblich am Wiederaufbau der Feuerwehr Damme beteiligt.<\/p>\n<p>Im Jahre 1999 trat er in die Altersabteilung der Feuerwehr Damme \u00fcber. F\u00fcr seine langj\u00e4hrige, treue Mitgliedschaft wurde er mit dem goldenen Feuerwehr-Ehrenzeichen des Landes Niedersachsen f\u00fcr 60 Jahre Dienstzeit ausgezeichnet.<\/p>\n<p>Mit Hauptbrandmeister Josef von der Heide verliert die Feuerwehr Damme einen gro\u00dfartigen Menschen und Feuerwehrkameraden. Er war der \u201eEckpfeiler der Dammer Feuerwehr\u201c (Zitat B\u00fcrgermeister J\u00fcrgen Respondek).<\/p>\n<p>Gerne schauen wir auf sein Wirken und auf herausragende Eins\u00e4tze unter seiner Leitung z\u00fcr\u00fcck.<\/p>\n<p>Wir werden seiner unvergleichlichen, einmaligen und kameradschaftlichen Art stets ein ehrendes Andenken bewahren.<\/p>\n<p>Unser Mitgef\u00fchl gilt seiner Frau und seinen Angeh\u00f6rigen.<\/p>\n<p>Sven Schr\u00f6der<br \/>\nOrtsbrandmeister<br \/>\nsowie alle Kameradinnen und Kameraden der Feuerwehr Damme<\/p>\n","protected":false},"excerpt":{"rendered":"<p>Traurig mussten wir Kenntnis dar\u00fcber nehmen, dass unser Ehrenortsbrandmeister Josef von der Heide verstorben ist. Er war seit 1953 Mitglied der Freiwilligen Feuerwehr Damme. Von 1962 bis 1994 hatte er das Amt des Ger\u00e4tewartes inne. Diese f\u00fchrte er mit einer sehr gro\u00dfen Leidenschaft und immer sehr gewissenhaft aus. Zudem war es seit 1981 als Gruppenf\u00fchrer [&hellip;]<\/p>\n","protected":false},"author":2,"featured_media":0,"comment_status":"closed","ping_status":"open","sticky":false,"template":"","format":"standard","meta":{"footnotes":""},"categories":[1],"tags":[],"class_list":["post-15291","post","type-post","status-publish","format-standard","hentry","category-uncategorized"],"_links":{"self":[{"href":"http:\/\/www.feuerwehr-damme.de\/index.php?rest_route=\/wp\/v2\/posts\/15291","targetHints":{"allow":["GET"]}}],"collection":[{"href":"http:\/\/www.feuerwehr-damme.de\/index.php?rest_route=\/wp\/v2\/posts"}],"about":[{"href":"http:\/\/www.feuerwehr-damme.de\/index.php?rest_route=\/wp\/v2\/types\/post"}],"author":[{"embeddable":true,"href":"http:\/\/www.feuerwehr-damme.de\/index.php?rest_route=\/wp\/v2\/users\/2"}],"replies":[{"embeddable":true,"href":"http:\/\/www.feuerwehr-damme.de\/index.php?rest_route=%2Fwp%2Fv2%2Fcomments&post=15291"}],"version-history":[{"count":6,"href":"http:\/\/www.feuerwehr-damme.de\/index.php?rest_route=\/wp\/v2\/posts\/15291\/revisions"}],"predecessor-version":[{"id":15299,"href":"http:\/\/www.feuerwehr-damme.de\/index.php?rest_route=\/wp\/v2\/posts\/15291\/revisions\/15299"}],"wp:attachment":[{"href":"http:\/\/www.feuerwehr-damme.de\/index.php?rest_route=%2Fwp%2Fv2%2Fmedia&parent=15291"}],"wp:term":[{"taxonomy":"category","embeddable":true,"href":"http:\/\/www.feuerwehr-damme.de\/index.php?rest_route=%2Fwp%2Fv2%2Fcategories&post=15291"},{"taxonomy":"post_tag","embeddable":true,"href":"http:\/\/www.feuerwehr-damme.de\/index.php?rest_route=%2Fwp%2Fv2%2Ftags&post=15291"}],"curies":[{"name":"wp","href":"https:\/\/api.w.org\/{rel}","templated":true}]}}