{"id":15337,"date":"2020-11-04T23:32:46","date_gmt":"2020-11-04T21:32:46","guid":{"rendered":"http:\/\/www.feuerwehr-damme.de\/?p=15337"},"modified":"2020-11-04T23:52:42","modified_gmt":"2020-11-04T21:52:42","slug":"technische-hilfeleistung-nach-verkehrsunfall-strasse-reinigen-voerdener-strasse-neuenwalde","status":"publish","type":"post","link":"http:\/\/www.feuerwehr-damme.de\/?p=15337","title":{"rendered":"Technische Hilfeleistung nach Verkehrsunfall: Stra\u00dfe reinigen V\u00f6rdener Stra\u00dfe Neuenwalde"},"content":{"rendered":"<p>Einsatz Nr. 160<br \/>\nZu einer technischen Hilfeleistung nach einem Verkehrsunfall wurde die Feuerwehr Damme um 20:33 Uhr alarmiert.<br \/>\nAuf der V\u00f6rdener Stra\u00dfe in Neuenwalde war ein PKW von der Fahrbahn abgekommen und gegen einen Baum geprallt. Der Fahrer wurde dabei verletzt. Nach der Erstversorgung durch den Rettungsdienst wurde er ins KH Damme gebracht.<br \/>\nDie Feuerwehr nahm auslaufende Betriebsstoffe auf und reinigte die Fahrbahn. Zudem wurde der besch\u00e4digte PKW von der Fahrbahn entfernt und somit die Gefahrenstelle beseitigt.<\/p>\n<p>Im Einsatz: PKW OrtsBM, HLF 10 FTZ LK Vechta, TLF 16\/25, ELW 1, MTF, RTW 1 Malteser Damme, NEF Malteser Damme, Polizei Damme.<br \/>\nArt: TH<br \/>\nAlarmierungsgruppen: F\u00fchrung\/ LG 2<br \/>\nEinsatzende: 21:30<\/p>\n\n\t\t<style type=\"text\/css\">\n\t\t\t#gallery-1 {\n\t\t\t\tmargin: auto;\n\t\t\t}\n\t\t\t#gallery-1 .gallery-item {\n\t\t\t\tfloat: left;\n\t\t\t\tmargin-top: 10px;\n\t\t\t\ttext-align: center;\n\t\t\t\twidth: 33%;\n\t\t\t}\n\t\t\t#gallery-1 img {\n\t\t\t\tborder: 2px solid #cfcfcf;\n\t\t\t}\n\t\t\t#gallery-1 .gallery-caption {\n\t\t\t\tmargin-left: 0;\n\t\t\t}\n\t\t\t\/* see gallery_shortcode() in wp-includes\/media.php *\/\n\t\t<\/style>\n\t\t<div id='gallery-1' class='gallery galleryid-15337 gallery-columns-3 gallery-size-thumbnail'><dl class='gallery-item'>\n\t\t\t<dt class='gallery-icon landscape'>\n\t\t\t\t<a href='http:\/\/www.feuerwehr-damme.de\/wp-content\/uploads\/2020\/11\/TH-Strasse-reinigen-nach-VU-Voerdenerstr.-Neuenwalde-04.11.20-01.jpg' rel=\"lightbox[15337]\"><img loading=\"lazy\" decoding=\"async\" width=\"150\" height=\"150\" src=\"http:\/\/www.feuerwehr-damme.de\/wp-content\/uploads\/2020\/11\/TH-Strasse-reinigen-nach-VU-Voerdenerstr.-Neuenwalde-04.11.20-01-150x150.jpg\" class=\"attachment-thumbnail size-thumbnail\" alt=\"\" srcset=\"http:\/\/www.feuerwehr-damme.de\/wp-content\/uploads\/2020\/11\/TH-Strasse-reinigen-nach-VU-Voerdenerstr.-Neuenwalde-04.11.20-01-150x150.jpg 150w, http:\/\/www.feuerwehr-damme.de\/wp-content\/uploads\/2020\/11\/TH-Strasse-reinigen-nach-VU-Voerdenerstr.-Neuenwalde-04.11.20-01-144x144.jpg 144w\" sizes=\"auto, (max-width: 150px) 100vw, 150px\" \/><\/a>\n\t\t\t<\/dt><\/dl><dl class='gallery-item'>\n\t\t\t<dt class='gallery-icon landscape'>\n\t\t\t\t<a href='http:\/\/www.feuerwehr-damme.de\/wp-content\/uploads\/2020\/11\/TH-Strasse-reinigen-nach-VU-Voerdenerstr.-Neuenwalde-04.11.20-02.jpg' rel=\"lightbox[15337]\"><img loading=\"lazy\" decoding=\"async\" width=\"150\" height=\"150\" src=\"http:\/\/www.feuerwehr-damme.de\/wp-content\/uploads\/2020\/11\/TH-Strasse-reinigen-nach-VU-Voerdenerstr.-Neuenwalde-04.11.20-02-150x150.jpg\" class=\"attachment-thumbnail size-thumbnail\" alt=\"\" srcset=\"http:\/\/www.feuerwehr-damme.de\/wp-content\/uploads\/2020\/11\/TH-Strasse-reinigen-nach-VU-Voerdenerstr.-Neuenwalde-04.11.20-02-150x150.jpg 150w, http:\/\/www.feuerwehr-damme.de\/wp-content\/uploads\/2020\/11\/TH-Strasse-reinigen-nach-VU-Voerdenerstr.-Neuenwalde-04.11.20-02-144x144.jpg 144w\" sizes=\"auto, (max-width: 150px) 100vw, 150px\" \/><\/a>\n\t\t\t<\/dt><\/dl><dl class='gallery-item'>\n\t\t\t<dt class='gallery-icon landscape'>\n\t\t\t\t<a href='http:\/\/www.feuerwehr-damme.de\/wp-content\/uploads\/2020\/11\/TH-Strasse-reinigen-nach-VU-Voerdenerstr.-Neuenwalde-04.11.20-03.jpg' rel=\"lightbox[15337]\"><img loading=\"lazy\" decoding=\"async\" width=\"150\" height=\"150\" src=\"http:\/\/www.feuerwehr-damme.de\/wp-content\/uploads\/2020\/11\/TH-Strasse-reinigen-nach-VU-Voerdenerstr.-Neuenwalde-04.11.20-03-150x150.jpg\" class=\"attachment-thumbnail size-thumbnail\" alt=\"\" srcset=\"http:\/\/www.feuerwehr-damme.de\/wp-content\/uploads\/2020\/11\/TH-Strasse-reinigen-nach-VU-Voerdenerstr.-Neuenwalde-04.11.20-03-150x150.jpg 150w, http:\/\/www.feuerwehr-damme.de\/wp-content\/uploads\/2020\/11\/TH-Strasse-reinigen-nach-VU-Voerdenerstr.-Neuenwalde-04.11.20-03-144x144.jpg 144w\" sizes=\"auto, (max-width: 150px) 100vw, 150px\" \/><\/a>\n\t\t\t<\/dt><\/dl><br style=\"clear: both\" \/><dl class='gallery-item'>\n\t\t\t<dt class='gallery-icon landscape'>\n\t\t\t\t<a href='http:\/\/www.feuerwehr-damme.de\/wp-content\/uploads\/2020\/11\/TH-Strasse-reinigen-nach-VU-Voerdenerstr.-Neuenwalde-04.11.20-04.jpg' rel=\"lightbox[15337]\"><img loading=\"lazy\" decoding=\"async\" width=\"150\" height=\"150\" src=\"http:\/\/www.feuerwehr-damme.de\/wp-content\/uploads\/2020\/11\/TH-Strasse-reinigen-nach-VU-Voerdenerstr.-Neuenwalde-04.11.20-04-150x150.jpg\" class=\"attachment-thumbnail size-thumbnail\" alt=\"\" srcset=\"http:\/\/www.feuerwehr-damme.de\/wp-content\/uploads\/2020\/11\/TH-Strasse-reinigen-nach-VU-Voerdenerstr.-Neuenwalde-04.11.20-04-150x150.jpg 150w, http:\/\/www.feuerwehr-damme.de\/wp-content\/uploads\/2020\/11\/TH-Strasse-reinigen-nach-VU-Voerdenerstr.-Neuenwalde-04.11.20-04-144x144.jpg 144w\" sizes=\"auto, (max-width: 150px) 100vw, 150px\" \/><\/a>\n\t\t\t<\/dt><\/dl><dl class='gallery-item'>\n\t\t\t<dt class='gallery-icon landscape'>\n\t\t\t\t<a href='http:\/\/www.feuerwehr-damme.de\/wp-content\/uploads\/2020\/11\/TH-Strasse-reinigen-nach-VU-Voerdenerstr.-Neuenwalde-04.11.20-05.jpg' rel=\"lightbox[15337]\"><img loading=\"lazy\" decoding=\"async\" width=\"150\" height=\"150\" src=\"http:\/\/www.feuerwehr-damme.de\/wp-content\/uploads\/2020\/11\/TH-Strasse-reinigen-nach-VU-Voerdenerstr.-Neuenwalde-04.11.20-05-150x150.jpg\" class=\"attachment-thumbnail size-thumbnail\" alt=\"\" srcset=\"http:\/\/www.feuerwehr-damme.de\/wp-content\/uploads\/2020\/11\/TH-Strasse-reinigen-nach-VU-Voerdenerstr.-Neuenwalde-04.11.20-05-150x150.jpg 150w, http:\/\/www.feuerwehr-damme.de\/wp-content\/uploads\/2020\/11\/TH-Strasse-reinigen-nach-VU-Voerdenerstr.-Neuenwalde-04.11.20-05-144x144.jpg 144w\" sizes=\"auto, (max-width: 150px) 100vw, 150px\" \/><\/a>\n\t\t\t<\/dt><\/dl><dl class='gallery-item'>\n\t\t\t<dt class='gallery-icon portrait'>\n\t\t\t\t<a href='http:\/\/www.feuerwehr-damme.de\/wp-content\/uploads\/2020\/11\/TH-Strasse-reinigen-nach-VU-Voerdenerstr.-Neuenwalde-04.11.20-06.jpg' rel=\"lightbox[15337]\"><img loading=\"lazy\" decoding=\"async\" width=\"150\" height=\"150\" src=\"http:\/\/www.feuerwehr-damme.de\/wp-content\/uploads\/2020\/11\/TH-Strasse-reinigen-nach-VU-Voerdenerstr.-Neuenwalde-04.11.20-06-150x150.jpg\" class=\"attachment-thumbnail size-thumbnail\" alt=\"\" srcset=\"http:\/\/www.feuerwehr-damme.de\/wp-content\/uploads\/2020\/11\/TH-Strasse-reinigen-nach-VU-Voerdenerstr.-Neuenwalde-04.11.20-06-150x150.jpg 150w, http:\/\/www.feuerwehr-damme.de\/wp-content\/uploads\/2020\/11\/TH-Strasse-reinigen-nach-VU-Voerdenerstr.-Neuenwalde-04.11.20-06-144x144.jpg 144w\" sizes=\"auto, (max-width: 150px) 100vw, 150px\" \/><\/a>\n\t\t\t<\/dt><\/dl><br style=\"clear: both\" \/><dl class='gallery-item'>\n\t\t\t<dt class='gallery-icon landscape'>\n\t\t\t\t<a href='http:\/\/www.feuerwehr-damme.de\/wp-content\/uploads\/2020\/11\/TH-Strasse-reinigen-nach-VU-Voerdenerstr.-Neuenwalde-04.11.20-07.jpg' rel=\"lightbox[15337]\"><img loading=\"lazy\" decoding=\"async\" width=\"150\" height=\"150\" src=\"http:\/\/www.feuerwehr-damme.de\/wp-content\/uploads\/2020\/11\/TH-Strasse-reinigen-nach-VU-Voerdenerstr.-Neuenwalde-04.11.20-07-150x150.jpg\" class=\"attachment-thumbnail size-thumbnail\" alt=\"\" srcset=\"http:\/\/www.feuerwehr-damme.de\/wp-content\/uploads\/2020\/11\/TH-Strasse-reinigen-nach-VU-Voerdenerstr.-Neuenwalde-04.11.20-07-150x150.jpg 150w, http:\/\/www.feuerwehr-damme.de\/wp-content\/uploads\/2020\/11\/TH-Strasse-reinigen-nach-VU-Voerdenerstr.-Neuenwalde-04.11.20-07-144x144.jpg 144w\" sizes=\"auto, (max-width: 150px) 100vw, 150px\" \/><\/a>\n\t\t\t<\/dt><\/dl><dl class='gallery-item'>\n\t\t\t<dt class='gallery-icon landscape'>\n\t\t\t\t<a href='http:\/\/www.feuerwehr-damme.de\/wp-content\/uploads\/2020\/11\/TH-Strasse-reinigen-nach-VU-Voerdenerstr.-Neuenwalde-04.11.20-08.jpg' rel=\"lightbox[15337]\"><img loading=\"lazy\" decoding=\"async\" width=\"150\" height=\"150\" src=\"http:\/\/www.feuerwehr-damme.de\/wp-content\/uploads\/2020\/11\/TH-Strasse-reinigen-nach-VU-Voerdenerstr.-Neuenwalde-04.11.20-08-150x150.jpg\" class=\"attachment-thumbnail size-thumbnail\" alt=\"\" srcset=\"http:\/\/www.feuerwehr-damme.de\/wp-content\/uploads\/2020\/11\/TH-Strasse-reinigen-nach-VU-Voerdenerstr.-Neuenwalde-04.11.20-08-150x150.jpg 150w, http:\/\/www.feuerwehr-damme.de\/wp-content\/uploads\/2020\/11\/TH-Strasse-reinigen-nach-VU-Voerdenerstr.-Neuenwalde-04.11.20-08-144x144.jpg 144w\" sizes=\"auto, (max-width: 150px) 100vw, 150px\" \/><\/a>\n\t\t\t<\/dt><\/dl><dl class='gallery-item'>\n\t\t\t<dt class='gallery-icon landscape'>\n\t\t\t\t<a href='http:\/\/www.feuerwehr-damme.de\/wp-content\/uploads\/2020\/11\/TH-Strasse-reinigen-nach-VU-Voerdenerstr.-Neuenwalde-04.11.20-09.jpg' rel=\"lightbox[15337]\"><img loading=\"lazy\" decoding=\"async\" width=\"150\" height=\"150\" src=\"http:\/\/www.feuerwehr-damme.de\/wp-content\/uploads\/2020\/11\/TH-Strasse-reinigen-nach-VU-Voerdenerstr.-Neuenwalde-04.11.20-09-150x150.jpg\" class=\"attachment-thumbnail size-thumbnail\" alt=\"\" srcset=\"http:\/\/www.feuerwehr-damme.de\/wp-content\/uploads\/2020\/11\/TH-Strasse-reinigen-nach-VU-Voerdenerstr.-Neuenwalde-04.11.20-09-150x150.jpg 150w, http:\/\/www.feuerwehr-damme.de\/wp-content\/uploads\/2020\/11\/TH-Strasse-reinigen-nach-VU-Voerdenerstr.-Neuenwalde-04.11.20-09-144x144.jpg 144w\" sizes=\"auto, (max-width: 150px) 100vw, 150px\" \/><\/a>\n\t\t\t<\/dt><\/dl><br style=\"clear: both\" \/><dl class='gallery-item'>\n\t\t\t<dt class='gallery-icon landscape'>\n\t\t\t\t<a href='http:\/\/www.feuerwehr-damme.de\/wp-content\/uploads\/2020\/11\/TH-Strasse-reinigen-nach-VU-Voerdenerstr.-Neuenwalde-04.11.20-10.jpg' rel=\"lightbox[15337]\"><img loading=\"lazy\" decoding=\"async\" width=\"150\" height=\"150\" src=\"http:\/\/www.feuerwehr-damme.de\/wp-content\/uploads\/2020\/11\/TH-Strasse-reinigen-nach-VU-Voerdenerstr.-Neuenwalde-04.11.20-10-150x150.jpg\" class=\"attachment-thumbnail size-thumbnail\" alt=\"\" srcset=\"http:\/\/www.feuerwehr-damme.de\/wp-content\/uploads\/2020\/11\/TH-Strasse-reinigen-nach-VU-Voerdenerstr.-Neuenwalde-04.11.20-10-150x150.jpg 150w, http:\/\/www.feuerwehr-damme.de\/wp-content\/uploads\/2020\/11\/TH-Strasse-reinigen-nach-VU-Voerdenerstr.-Neuenwalde-04.11.20-10-144x144.jpg 144w\" sizes=\"auto, (max-width: 150px) 100vw, 150px\" \/><\/a>\n\t\t\t<\/dt><\/dl>\n\t\t\t<br style='clear: both' \/>\n\t\t<\/div>\n\n","protected":false},"excerpt":{"rendered":"<p>Einsatz Nr. 160 Zu einer technischen Hilfeleistung nach einem Verkehrsunfall wurde die Feuerwehr Damme um 20:33 Uhr alarmiert. Auf der V\u00f6rdener Stra\u00dfe in Neuenwalde war ein PKW von der Fahrbahn abgekommen und gegen einen Baum geprallt. Der Fahrer wurde dabei verletzt. Nach der Erstversorgung durch den Rettungsdienst wurde er ins KH Damme gebracht. Die Feuerwehr [&hellip;]<\/p>\n","protected":false},"author":2,"featured_media":0,"comment_status":"closed","ping_status":"open","sticky":false,"template":"","format":"standard","meta":{"footnotes":""},"categories":[4],"tags":[],"class_list":["post-15337","post","type-post","status-publish","format-standard","hentry","category-einsaetze"],"_links":{"self":[{"href":"http:\/\/www.feuerwehr-damme.de\/index.php?rest_route=\/wp\/v2\/posts\/15337","targetHints":{"allow":["GET"]}}],"collection":[{"href":"http:\/\/www.feuerwehr-damme.de\/index.php?rest_route=\/wp\/v2\/posts"}],"about":[{"href":"http:\/\/www.feuerwehr-damme.de\/index.php?rest_route=\/wp\/v2\/types\/post"}],"author":[{"embeddable":true,"href":"http:\/\/www.feuerwehr-damme.de\/index.php?rest_route=\/wp\/v2\/users\/2"}],"replies":[{"embeddable":true,"href":"http:\/\/www.feuerwehr-damme.de\/index.php?rest_route=%2Fwp%2Fv2%2Fcomments&post=15337"}],"version-history":[{"count":3,"href":"http:\/\/www.feuerwehr-damme.de\/index.php?rest_route=\/wp\/v2\/posts\/15337\/revisions"}],"predecessor-version":[{"id":15350,"href":"http:\/\/www.feuerwehr-damme.de\/index.php?rest_route=\/wp\/v2\/posts\/15337\/revisions\/15350"}],"wp:attachment":[{"href":"http:\/\/www.feuerwehr-damme.de\/index.php?rest_route=%2Fwp%2Fv2%2Fmedia&parent=15337"}],"wp:term":[{"taxonomy":"category","embeddable":true,"href":"http:\/\/www.feuerwehr-damme.de\/index.php?rest_route=%2Fwp%2Fv2%2Fcategories&post=15337"},{"taxonomy":"post_tag","embeddable":true,"href":"http:\/\/www.feuerwehr-damme.de\/index.php?rest_route=%2Fwp%2Fv2%2Ftags&post=15337"}],"curies":[{"name":"wp","href":"https:\/\/api.w.org\/{rel}","templated":true}]}}