{"id":1595,"date":"2009-08-04T20:00:18","date_gmt":"2009-08-04T18:00:18","guid":{"rendered":"http:\/\/www.feuerwehr-damme.de\/?p=1595"},"modified":"2009-08-05T18:51:57","modified_gmt":"2009-08-05T16:51:57","slug":"verabschiedung-von-kaplan-stefan-horstrup","status":"publish","type":"post","link":"http:\/\/www.feuerwehr-damme.de\/?p=1595","title":{"rendered":"Verabschiedung von Kaplan Stefan H\u00f6rstrup"},"content":{"rendered":"<p>Am Dienstag (4. August) wurde unser Kamerad Kaplan Stefan H\u00f6rstrup offiziell aus der Freiwilligen Feuerwehr Damme verabschiedet. Nach seinem letzten Dienst wurde ihm vom Ortsbrandmeister Johannes Malik und dessen Stellvertreters Uli Hake f\u00fcr die geleistete Arbeit in der Feuerwehr gedankt. Als Erinnerung an die Feuerwehr Damme wurde ihm eine Holzstatue des Heiligen St. Florian \u00fcberreicht.<br \/>\nStefan H\u00f6rstrup verl\u00e4sst die Feuerwehr Damme aus beruflichen Gr\u00fcnden. Er beginnt am Sonntag (16. August) sein neues Amt als Burgkaplan der Jugendburg in Gemen bei Borken.<br \/>\nStefan H\u00f6rstrup war von April 2006 bis August 2009 Mitglied der Feuerwehr Damme.<br \/>\nIn dieser Zeit haben wir ihn als zuverl\u00e4ssigen Feuerwehrmann und Kameraden kennen gelernt. Besonders bei schweren und belastenden Eins\u00e4tzen stand er, in seiner Funktion als Seelsorger, f\u00fcr unsere Kameraden immer als Ansprechpartner zur Verf\u00fcgung.<br \/>\nUnser Dank gilt ihm f\u00fcr seine geleistete Arbeit. Wir w\u00fcnschen ihm f\u00fcr seine Zukunft alles Gute.<\/p>\n<p>Die Kameraden und Kameradinnen der Freiwilligen Feuerwehr Damme.<\/p>\n<p><a href=\"http:\/\/www.feuerwehr-damme.de\/wp-content\/uploads\/2009\/08\/Verabschiedung-Stefan-Hoerstrup.jpg\" rel=\"lightbox[1595]\"><img loading=\"lazy\" decoding=\"async\" src=\"http:\/\/www.feuerwehr-damme.de\/wp-content\/uploads\/2009\/08\/Verabschiedung-Stefan-Hoerstrup-300x225.jpg\" alt=\"Verabschiedung Stefan Hoerstrup\" title=\"Verabschiedung Stefan Hoerstrup\" width=\"300\" height=\"225\" class=\"alignnone size-medium wp-image-1601\" srcset=\"http:\/\/www.feuerwehr-damme.de\/wp-content\/uploads\/2009\/08\/Verabschiedung-Stefan-Hoerstrup-300x225.jpg 300w, http:\/\/www.feuerwehr-damme.de\/wp-content\/uploads\/2009\/08\/Verabschiedung-Stefan-Hoerstrup.jpg 1024w\" sizes=\"auto, (max-width: 300px) 100vw, 300px\" \/><\/a><a href=\"http:\/\/www.feuerwehr-damme.de\/wp-content\/uploads\/2009\/08\/S.Hoerstrup.jpg\" rel=\"lightbox[1595]\"><img decoding=\"async\" src=\"http:\/\/www.feuerwehr-damme.de\/wp-content\/uploads\/2009\/08\/S.Hoerstrup.jpg\" alt=\"S.Hoerstrup\" title=\"S.Hoerstrup\" width=\"300\" class=\"alignnone size-full wp-image-1602\" srcset=\"http:\/\/www.feuerwehr-damme.de\/wp-content\/uploads\/2009\/08\/S.Hoerstrup.jpg 400w, http:\/\/www.feuerwehr-damme.de\/wp-content\/uploads\/2009\/08\/S.Hoerstrup-300x198.jpg 300w\" sizes=\"(max-width: 400px) 100vw, 400px\" \/><\/a><\/p>\n","protected":false},"excerpt":{"rendered":"<p>Am Dienstag (4. August) wurde unser Kamerad Kaplan Stefan H\u00f6rstrup offiziell aus der Freiwilligen Feuerwehr Damme verabschiedet. Nach seinem letzten Dienst wurde ihm vom Ortsbrandmeister Johannes Malik und dessen Stellvertreters Uli Hake f\u00fcr die geleistete Arbeit in der Feuerwehr gedankt. Als Erinnerung an die Feuerwehr Damme wurde ihm eine Holzstatue des Heiligen St. Florian \u00fcberreicht. [&hellip;]<\/p>\n","protected":false},"author":2,"featured_media":0,"comment_status":"closed","ping_status":"open","sticky":false,"template":"","format":"standard","meta":{"footnotes":""},"categories":[1],"tags":[],"class_list":["post-1595","post","type-post","status-publish","format-standard","hentry","category-uncategorized"],"_links":{"self":[{"href":"http:\/\/www.feuerwehr-damme.de\/index.php?rest_route=\/wp\/v2\/posts\/1595","targetHints":{"allow":["GET"]}}],"collection":[{"href":"http:\/\/www.feuerwehr-damme.de\/index.php?rest_route=\/wp\/v2\/posts"}],"about":[{"href":"http:\/\/www.feuerwehr-damme.de\/index.php?rest_route=\/wp\/v2\/types\/post"}],"author":[{"embeddable":true,"href":"http:\/\/www.feuerwehr-damme.de\/index.php?rest_route=\/wp\/v2\/users\/2"}],"replies":[{"embeddable":true,"href":"http:\/\/www.feuerwehr-damme.de\/index.php?rest_route=%2Fwp%2Fv2%2Fcomments&post=1595"}],"version-history":[{"count":8,"href":"http:\/\/www.feuerwehr-damme.de\/index.php?rest_route=\/wp\/v2\/posts\/1595\/revisions"}],"predecessor-version":[{"id":1598,"href":"http:\/\/www.feuerwehr-damme.de\/index.php?rest_route=\/wp\/v2\/posts\/1595\/revisions\/1598"}],"wp:attachment":[{"href":"http:\/\/www.feuerwehr-damme.de\/index.php?rest_route=%2Fwp%2Fv2%2Fmedia&parent=1595"}],"wp:term":[{"taxonomy":"category","embeddable":true,"href":"http:\/\/www.feuerwehr-damme.de\/index.php?rest_route=%2Fwp%2Fv2%2Fcategories&post=1595"},{"taxonomy":"post_tag","embeddable":true,"href":"http:\/\/www.feuerwehr-damme.de\/index.php?rest_route=%2Fwp%2Fv2%2Ftags&post=1595"}],"curies":[{"name":"wp","href":"https:\/\/api.w.org\/{rel}","templated":true}]}}