{"id":1608,"date":"2009-08-08T19:33:16","date_gmt":"2009-08-08T17:33:16","guid":{"rendered":"http:\/\/www.feuerwehr-damme.de\/?p=1608"},"modified":"2009-08-08T19:45:41","modified_gmt":"2009-08-08T17:45:41","slug":"hochzeit-unseres-stv-stadtbrandmeisters","status":"publish","type":"post","link":"http:\/\/www.feuerwehr-damme.de\/?p=1608","title":{"rendered":"Hochzeit unseres stv. Stadtbrandmeisters"},"content":{"rendered":"<p>Am 08.08.09 haben unser stv. Stadtbrandmeister Jens Varenau und Michaela Rosemeyer in der St. Viktor Kirche zu Damme geheiratet. Aus diesem Grund wurde von den Kameraden der Feuerwehr Damme sowie der Jugendfeuerwehr Damme vor der Kirche Spalier gestanden. Au\u00dferdem wurde ihnen der St. Florian \u00fcberreicht.<br \/>\nWir w\u00fcnschen ihm und seiner Frau f\u00fcr die Zukunft alles Gute.<\/p>\n<p><a href=\"http:\/\/www.feuerwehr-damme.de\/wp-content\/uploads\/2009\/08\/Hochzeit-J.Varenau-08.08.09-014.jpg\" rel=\"lightbox[1608]\"><img loading=\"lazy\" decoding=\"async\" src=\"http:\/\/www.feuerwehr-damme.de\/wp-content\/uploads\/2009\/08\/Hochzeit-J.Varenau-08.08.09-014-150x150.jpg\" alt=\"Hochzeit J.Varenau 08.08.09 014\" title=\"Hochzeit J.Varenau 08.08.09 014\" width=\"150\" height=\"150\" class=\"alignnone size-thumbnail wp-image-1611\" \/><\/a>.<a href=\"http:\/\/www.feuerwehr-damme.de\/wp-content\/uploads\/2009\/08\/Hochzeit-J.Varenau-08.08.09-018.jpg\" rel=\"lightbox[1608]\"><img loading=\"lazy\" decoding=\"async\" src=\"http:\/\/www.feuerwehr-damme.de\/wp-content\/uploads\/2009\/08\/Hochzeit-J.Varenau-08.08.09-018-150x150.jpg\" alt=\"Hochzeit J.Varenau 08.08.09 018\" title=\"Hochzeit J.Varenau 08.08.09 018\" width=\"150\" height=\"150\" class=\"alignnone size-thumbnail wp-image-1612\" \/><\/a>.<a href=\"http:\/\/www.feuerwehr-damme.de\/wp-content\/uploads\/2009\/08\/Hochzeit-J.Varenau-08.08.09-021.jpg\" rel=\"lightbox[1608]\"><img loading=\"lazy\" decoding=\"async\" src=\"http:\/\/www.feuerwehr-damme.de\/wp-content\/uploads\/2009\/08\/Hochzeit-J.Varenau-08.08.09-021-150x150.jpg\" alt=\"Hochzeit J.Varenau 08.08.09 021\" title=\"Hochzeit J.Varenau 08.08.09 021\" width=\"150\" height=\"150\" class=\"alignnone size-thumbnail wp-image-1613\" \/><\/a><\/p>\n","protected":false},"excerpt":{"rendered":"<p>Am 08.08.09 haben unser stv. Stadtbrandmeister Jens Varenau und Michaela Rosemeyer in der St. Viktor Kirche zu Damme geheiratet. Aus diesem Grund wurde von den Kameraden der Feuerwehr Damme sowie der Jugendfeuerwehr Damme vor der Kirche Spalier gestanden. Au\u00dferdem wurde ihnen der St. Florian \u00fcberreicht. Wir w\u00fcnschen ihm und seiner Frau f\u00fcr die Zukunft alles [&hellip;]<\/p>\n","protected":false},"author":2,"featured_media":0,"comment_status":"closed","ping_status":"open","sticky":false,"template":"","format":"standard","meta":{"footnotes":""},"categories":[1],"tags":[],"class_list":["post-1608","post","type-post","status-publish","format-standard","hentry","category-uncategorized"],"_links":{"self":[{"href":"http:\/\/www.feuerwehr-damme.de\/index.php?rest_route=\/wp\/v2\/posts\/1608","targetHints":{"allow":["GET"]}}],"collection":[{"href":"http:\/\/www.feuerwehr-damme.de\/index.php?rest_route=\/wp\/v2\/posts"}],"about":[{"href":"http:\/\/www.feuerwehr-damme.de\/index.php?rest_route=\/wp\/v2\/types\/post"}],"author":[{"embeddable":true,"href":"http:\/\/www.feuerwehr-damme.de\/index.php?rest_route=\/wp\/v2\/users\/2"}],"replies":[{"embeddable":true,"href":"http:\/\/www.feuerwehr-damme.de\/index.php?rest_route=%2Fwp%2Fv2%2Fcomments&post=1608"}],"version-history":[{"count":3,"href":"http:\/\/www.feuerwehr-damme.de\/index.php?rest_route=\/wp\/v2\/posts\/1608\/revisions"}],"predecessor-version":[{"id":1614,"href":"http:\/\/www.feuerwehr-damme.de\/index.php?rest_route=\/wp\/v2\/posts\/1608\/revisions\/1614"}],"wp:attachment":[{"href":"http:\/\/www.feuerwehr-damme.de\/index.php?rest_route=%2Fwp%2Fv2%2Fmedia&parent=1608"}],"wp:term":[{"taxonomy":"category","embeddable":true,"href":"http:\/\/www.feuerwehr-damme.de\/index.php?rest_route=%2Fwp%2Fv2%2Fcategories&post=1608"},{"taxonomy":"post_tag","embeddable":true,"href":"http:\/\/www.feuerwehr-damme.de\/index.php?rest_route=%2Fwp%2Fv2%2Ftags&post=1608"}],"curies":[{"name":"wp","href":"https:\/\/api.w.org\/{rel}","templated":true}]}}