{"id":1621,"date":"2009-08-24T09:37:39","date_gmt":"2009-08-24T07:37:39","guid":{"rendered":"http:\/\/www.feuerwehr-damme.de\/?p=1621"},"modified":"2009-08-25T22:50:16","modified_gmt":"2009-08-25T20:50:16","slug":"besuch-der-dammer-aus-belgien-bei-der-feuerwehr","status":"publish","type":"post","link":"http:\/\/www.feuerwehr-damme.de\/?p=1621","title":{"rendered":"Besuch der Dammer aus Belgien bei der Feuerwehr"},"content":{"rendered":"<p><em>Am Samstag Abend waren die Dammer aus Belgien zu einem gem\u00fctlichen Abend im Feuerwehrhaus zu Besuch. Siehe hierzu auch den Bericht in der OV von Klaus-Peter Lammert, Damme vom 24.08.09.<\/em><\/p>\n<p>&#8222;Es sind die Kleinigkeiten, an denen sich leicht erkennen l\u00e4sst, ob es in einer Partnerschaft stimmt. Dass es in der zwischen Damme\/Kreis Vechta und Damme\/Flandern sehr gut passt, hat sich am Wochenende beim offiziellen St\u00e4dtepartnerschaftsbesuch der Flamen im Oldenburger M\u00fcnsterland gezeigt. Die Atmosph\u00e4re war freundschaftlich und herzlich. Allen Beteiligten war die Freude am Wiedersehen anzumerken.<br \/>\nZum Gelingen des Treffens trugen wesentlich verschiedene Firmen und Verb\u00e4nde bei. So boten die Betreiber des Verkehrslandeplatzes in Rottinghausen am Samstagnachmittag verg\u00fcnstigte Rundfl\u00fcge in Maschinen an, die Heinrich Cordes und Michael Brockschmidt steuerten. Die Firma Grimme Landmaschinen erm\u00f6glichte den Gastgebern und G\u00e4sten bei F\u00fchrungen durch Christoph Grimme, Benedikt Weinert und Daniel Kleyb\u00f6cker einen Einblick in dieses Familienunternehmen samt der Fertigung. Die Belgier zeigten sich h\u00f6chst beeindruckt von dem, was sie sahen. Extra f\u00fcr sie war auch eine belgische Flagge aufgezogen.<br \/>\nAm Freitagabend erwiesen sich im Dersa-Bowlingcenter Gabriela Thye-Lokenberg und in verschiedenen Gastwirtschaften die Gastronomen als au\u00dfergew\u00f6hnliche Gastgeber. Und ausgesprochen wohl f\u00fchlten sich die Einheimischen und Belgier am Samstagabend im Feuerwehrhaus am S\u00fcdring, wo die Wettkampfgruppe der \u00f6rtlichen Freiwilligen Feuerwehr unter Leitung Jens Varenaus einen Abend mit leckeren Speisen, k\u00fchlen Getr\u00e4nken und viel Musik ausrichteten &#8211; ein Dankesch\u00f6n f\u00fcr die \u00fcberaus freundschaftliche Aufnahme der Gruppe vor Jahresfrist in Flandern. Auch das Abschiedsessen f\u00fcr die 51 Flandern, von denen ein Teil privat untergebracht war, fand gestern Mittag im Feuerwehrhaus statt. Zuvor hatte Paul De Graeve, Vorsitzender des Verbr\u00fcderungskomitees in Damme\/Belgien, das Hochamt in der St.-Viktor-Kirche mitgestaltet und F\u00fcrbitten sowie einen weiteren Text auf Fl\u00e4misch vorgetragen.<br \/>\nKurz vor dem Abschied zogen jedenfalls alle Verantwortlichen eine sehr positive Bilanz \u00fcber das Treffen. B\u00fcrgermeister Gerd Muhle sprach von drei sch\u00f6nen Tagen. Erfreut zeigte er sich, dass rund zehn Belgier erstmals nach Damme\/Kreis Vechta gereist waren. Louis De Keyser, Sch\u00f6ffe f\u00fcr Tourismus und Partnerschaften im Rat in Damme\/Belgien und erstmals in der Partnerstadt, sprach von einem sehr gut organisierten Programm und sehr freundlichen Gastgebern. Es sei viel Raum f\u00fcr die Pflege von Kontakten geblieben. &#8222;Wir kennen uns gut, wir verstehen uns gut&#8220;, brachte es Paul De Graeve auf den Punkt. Er \u00fcberreichte B\u00fcrgermeister Muhle als Dank ein vom flandrischen K\u00fcnstler Danny Meyers gemaltes Landschaftsaquarell.<br \/>\n&#8222;Alles was f\u00fcr Europa gut ist, ist gut f\u00fcr uns&#8220;, erkl\u00e4rte Reinhold Arkenau, der Vorsitzende des St\u00e4dtepartnerschaftsvereins Damme. Es sei gut, dass die Dammer sich wieder ein St\u00fcck n\u00e4hergekommen seien. Dar\u00fcber freute sich auch Franz Kraimer, stiller Organisator im Hintergrund in Damme\/Kreis Vechta.&#8220;<\/p>\n<p><a href=\"http:\/\/www.feuerwehr-damme.de\/?p=114 \" target=\"_blank\"><strong><em>Siehe auch Bericht vom Besuch der Feuerwehr in Damme-Belgien.<\/em><\/strong><\/a><\/p>\n<p><a href=\"http:\/\/www.ov-online.de\/components\/com_galerie\/thumbnails.php?album=225\" target=\"_blank\">Hier finden Sie die Bilder der OV.<\/a><\/p>\n","protected":false},"excerpt":{"rendered":"<p>Am Samstag Abend waren die Dammer aus Belgien zu einem gem\u00fctlichen Abend im Feuerwehrhaus zu Besuch. Siehe hierzu auch den Bericht in der OV von Klaus-Peter Lammert, Damme vom 24.08.09. &#8222;Es sind die Kleinigkeiten, an denen sich leicht erkennen l\u00e4sst, ob es in einer Partnerschaft stimmt. Dass es in der zwischen Damme\/Kreis Vechta und Damme\/Flandern [&hellip;]<\/p>\n","protected":false},"author":2,"featured_media":0,"comment_status":"closed","ping_status":"open","sticky":false,"template":"","format":"standard","meta":{"footnotes":""},"categories":[1],"tags":[],"class_list":["post-1621","post","type-post","status-publish","format-standard","hentry","category-uncategorized"],"_links":{"self":[{"href":"http:\/\/www.feuerwehr-damme.de\/index.php?rest_route=\/wp\/v2\/posts\/1621","targetHints":{"allow":["GET"]}}],"collection":[{"href":"http:\/\/www.feuerwehr-damme.de\/index.php?rest_route=\/wp\/v2\/posts"}],"about":[{"href":"http:\/\/www.feuerwehr-damme.de\/index.php?rest_route=\/wp\/v2\/types\/post"}],"author":[{"embeddable":true,"href":"http:\/\/www.feuerwehr-damme.de\/index.php?rest_route=\/wp\/v2\/users\/2"}],"replies":[{"embeddable":true,"href":"http:\/\/www.feuerwehr-damme.de\/index.php?rest_route=%2Fwp%2Fv2%2Fcomments&post=1621"}],"version-history":[{"count":7,"href":"http:\/\/www.feuerwehr-damme.de\/index.php?rest_route=\/wp\/v2\/posts\/1621\/revisions"}],"predecessor-version":[{"id":1626,"href":"http:\/\/www.feuerwehr-damme.de\/index.php?rest_route=\/wp\/v2\/posts\/1621\/revisions\/1626"}],"wp:attachment":[{"href":"http:\/\/www.feuerwehr-damme.de\/index.php?rest_route=%2Fwp%2Fv2%2Fmedia&parent=1621"}],"wp:term":[{"taxonomy":"category","embeddable":true,"href":"http:\/\/www.feuerwehr-damme.de\/index.php?rest_route=%2Fwp%2Fv2%2Fcategories&post=1621"},{"taxonomy":"post_tag","embeddable":true,"href":"http:\/\/www.feuerwehr-damme.de\/index.php?rest_route=%2Fwp%2Fv2%2Ftags&post=1621"}],"curies":[{"name":"wp","href":"https:\/\/api.w.org\/{rel}","templated":true}]}}