{"id":20116,"date":"2025-09-01T08:26:41","date_gmt":"2025-09-01T06:26:41","guid":{"rendered":"http:\/\/www.feuerwehr-damme.de\/?p=20116"},"modified":"2025-09-02T13:36:37","modified_gmt":"2025-09-02T11:36:37","slug":"baumstumpfbrand-bexaddetal-damme","status":"publish","type":"post","link":"http:\/\/www.feuerwehr-damme.de\/?p=20116","title":{"rendered":"Baumstumpfbrand Bexaddetal Damme"},"content":{"rendered":"<p><span style=\"font-weight: 400;\">Einsatz Nr. 77 vom 01.09.2025<\/span><span style=\"font-weight: 400;\"><br \/>\n<\/span><span style=\"font-weight: 400;\">Um 08:26 wurde die Feuerwehr Damme zu einem Brand in einem Waldst\u00fcck im Bexaddetal, hinter dem ehemaligen Kloster, alarmiert.\u00a0<\/span><\/p>\n<p><span style=\"font-weight: 400;\">Die erste Lageerkundung durch den Einsatzleiter ergab, dass die Einsatzstelle ca. 800 Meter weit im Wald lag. Dort brannte, aus unbekannter Ursache, ein Baumstumpf. <\/span><\/p>\n<p><span style=\"font-weight: 400;\">Da von der Klosterseite aus die Einsatzstelle f\u00fcr die Feuerwehr nicht zug\u00e4nglich war, entschied man sich, von der Grambker Stra\u00dfe aus, im Bereich des alten Forsthauses, eine l\u00e4ngere Schlauchleitung in das Waldst\u00fcck zu legen. Dazu wurde der Gator der Feuerwehr Borringhausen nachalarmiert, um Material in das unwegsame Gel\u00e4nde zu transportieren. Zudem wurden wir\u00a0<\/span><span style=\"font-size: 1rem;\">tatkr\u00e4ftig<\/span><span style=\"font-size: 1rem;\">\u00a0<\/span><span style=\"font-size: 1rem;\">von der Bezirksf\u00f6rsterin mit ihrem Gator unterst\u00fctzt.<\/span><\/p>\n<p><span style=\"font-weight: 400;\">Von einem Trupp mittels C-Hohlstrahlrohr konnte der brennende Baumstumpf und die Fl\u00e4che darum z\u00fcgig abgel\u00f6scht werden.<\/span><\/p>\n<p><span style=\"font-weight: 400;\">Im Einsatz: PKW Stv. OrtsBM, LF 20, TLF 20\/40 SL, ELW 1, MTF mit Materialanh\u00e4nger, FF Borringhausen, Bezirksf\u00f6rsterin, Polizei Damme.<\/span><span style=\"font-weight: 400;\"><br \/>\n<\/span><span style=\"font-weight: 400;\">Art: F 1<\/span><span style=\"font-weight: 400;\"><br \/>\n<\/span><span style=\"font-weight: 400;\">Alarmierungsgruppen: F\u00fchrung\/ LG 1\/ LG 2<\/span><span style=\"font-weight: 400;\"><br \/>\n<\/span><span style=\"font-weight: 400;\">Einsatzende: 11:00<\/span><\/p>\n\n\t\t<style type=\"text\/css\">\n\t\t\t#gallery-1 {\n\t\t\t\tmargin: auto;\n\t\t\t}\n\t\t\t#gallery-1 .gallery-item {\n\t\t\t\tfloat: left;\n\t\t\t\tmargin-top: 10px;\n\t\t\t\ttext-align: center;\n\t\t\t\twidth: 33%;\n\t\t\t}\n\t\t\t#gallery-1 img {\n\t\t\t\tborder: 2px solid #cfcfcf;\n\t\t\t}\n\t\t\t#gallery-1 .gallery-caption {\n\t\t\t\tmargin-left: 0;\n\t\t\t}\n\t\t\t\/* see gallery_shortcode() in wp-includes\/media.php *\/\n\t\t<\/style>\n\t\t<div id='gallery-1' class='gallery galleryid-20116 gallery-columns-3 gallery-size-thumbnail'><dl class='gallery-item'>\n\t\t\t<dt class='gallery-icon portrait'>\n\t\t\t\t<a href='http:\/\/www.feuerwehr-damme.de\/wp-content\/uploads\/2025\/09\/Baumstubbenbrand-Bexaddetal-01.09.25-01.jpg' rel=\"lightbox[20116]\"><img loading=\"lazy\" decoding=\"async\" width=\"150\" height=\"150\" src=\"http:\/\/www.feuerwehr-damme.de\/wp-content\/uploads\/2025\/09\/Baumstubbenbrand-Bexaddetal-01.09.25-01-150x150.jpg\" class=\"attachment-thumbnail size-thumbnail\" alt=\"\" srcset=\"http:\/\/www.feuerwehr-damme.de\/wp-content\/uploads\/2025\/09\/Baumstubbenbrand-Bexaddetal-01.09.25-01-150x150.jpg 150w, http:\/\/www.feuerwehr-damme.de\/wp-content\/uploads\/2025\/09\/Baumstubbenbrand-Bexaddetal-01.09.25-01-144x144.jpg 144w\" sizes=\"auto, (max-width: 150px) 100vw, 150px\" \/><\/a>\n\t\t\t<\/dt><\/dl><dl class='gallery-item'>\n\t\t\t<dt class='gallery-icon portrait'>\n\t\t\t\t<a href='http:\/\/www.feuerwehr-damme.de\/wp-content\/uploads\/2025\/09\/Baumstubbenbrand-Bexaddetal-01.09.25-02.jpg' rel=\"lightbox[20116]\"><img loading=\"lazy\" decoding=\"async\" width=\"150\" height=\"150\" src=\"http:\/\/www.feuerwehr-damme.de\/wp-content\/uploads\/2025\/09\/Baumstubbenbrand-Bexaddetal-01.09.25-02-150x150.jpg\" class=\"attachment-thumbnail size-thumbnail\" alt=\"\" srcset=\"http:\/\/www.feuerwehr-damme.de\/wp-content\/uploads\/2025\/09\/Baumstubbenbrand-Bexaddetal-01.09.25-02-150x150.jpg 150w, http:\/\/www.feuerwehr-damme.de\/wp-content\/uploads\/2025\/09\/Baumstubbenbrand-Bexaddetal-01.09.25-02-144x144.jpg 144w\" sizes=\"auto, (max-width: 150px) 100vw, 150px\" \/><\/a>\n\t\t\t<\/dt><\/dl><dl class='gallery-item'>\n\t\t\t<dt class='gallery-icon portrait'>\n\t\t\t\t<a href='http:\/\/www.feuerwehr-damme.de\/wp-content\/uploads\/2025\/09\/Baumstubbenbrand-Bexaddetal-01.09.25-04.jpg' rel=\"lightbox[20116]\"><img loading=\"lazy\" decoding=\"async\" width=\"150\" height=\"150\" src=\"http:\/\/www.feuerwehr-damme.de\/wp-content\/uploads\/2025\/09\/Baumstubbenbrand-Bexaddetal-01.09.25-04-150x150.jpg\" class=\"attachment-thumbnail size-thumbnail\" alt=\"\" srcset=\"http:\/\/www.feuerwehr-damme.de\/wp-content\/uploads\/2025\/09\/Baumstubbenbrand-Bexaddetal-01.09.25-04-150x150.jpg 150w, http:\/\/www.feuerwehr-damme.de\/wp-content\/uploads\/2025\/09\/Baumstubbenbrand-Bexaddetal-01.09.25-04-144x144.jpg 144w\" sizes=\"auto, (max-width: 150px) 100vw, 150px\" \/><\/a>\n\t\t\t<\/dt><\/dl><br style=\"clear: both\" \/><dl class='gallery-item'>\n\t\t\t<dt class='gallery-icon portrait'>\n\t\t\t\t<a href='http:\/\/www.feuerwehr-damme.de\/wp-content\/uploads\/2025\/09\/Baumstubbenbrand-Bexaddetal-01.09.25-05.jpg' rel=\"lightbox[20116]\"><img loading=\"lazy\" decoding=\"async\" width=\"150\" height=\"150\" src=\"http:\/\/www.feuerwehr-damme.de\/wp-content\/uploads\/2025\/09\/Baumstubbenbrand-Bexaddetal-01.09.25-05-150x150.jpg\" class=\"attachment-thumbnail size-thumbnail\" alt=\"\" srcset=\"http:\/\/www.feuerwehr-damme.de\/wp-content\/uploads\/2025\/09\/Baumstubbenbrand-Bexaddetal-01.09.25-05-150x150.jpg 150w, http:\/\/www.feuerwehr-damme.de\/wp-content\/uploads\/2025\/09\/Baumstubbenbrand-Bexaddetal-01.09.25-05-144x144.jpg 144w\" sizes=\"auto, (max-width: 150px) 100vw, 150px\" \/><\/a>\n\t\t\t<\/dt><\/dl><dl class='gallery-item'>\n\t\t\t<dt class='gallery-icon portrait'>\n\t\t\t\t<a href='http:\/\/www.feuerwehr-damme.de\/wp-content\/uploads\/2025\/09\/Baumstubbenbrand-Bexaddetal-01.09.25-06.jpg' rel=\"lightbox[20116]\"><img loading=\"lazy\" decoding=\"async\" width=\"150\" height=\"150\" src=\"http:\/\/www.feuerwehr-damme.de\/wp-content\/uploads\/2025\/09\/Baumstubbenbrand-Bexaddetal-01.09.25-06-150x150.jpg\" class=\"attachment-thumbnail size-thumbnail\" alt=\"\" srcset=\"http:\/\/www.feuerwehr-damme.de\/wp-content\/uploads\/2025\/09\/Baumstubbenbrand-Bexaddetal-01.09.25-06-150x150.jpg 150w, http:\/\/www.feuerwehr-damme.de\/wp-content\/uploads\/2025\/09\/Baumstubbenbrand-Bexaddetal-01.09.25-06-144x144.jpg 144w\" sizes=\"auto, (max-width: 150px) 100vw, 150px\" \/><\/a>\n\t\t\t<\/dt><\/dl><dl class='gallery-item'>\n\t\t\t<dt class='gallery-icon portrait'>\n\t\t\t\t<a href='http:\/\/www.feuerwehr-damme.de\/wp-content\/uploads\/2025\/09\/Baumstubbenbrand-Bexaddetal-01.09.25-07.jpg' rel=\"lightbox[20116]\"><img loading=\"lazy\" decoding=\"async\" width=\"150\" height=\"150\" src=\"http:\/\/www.feuerwehr-damme.de\/wp-content\/uploads\/2025\/09\/Baumstubbenbrand-Bexaddetal-01.09.25-07-150x150.jpg\" class=\"attachment-thumbnail size-thumbnail\" alt=\"\" srcset=\"http:\/\/www.feuerwehr-damme.de\/wp-content\/uploads\/2025\/09\/Baumstubbenbrand-Bexaddetal-01.09.25-07-150x150.jpg 150w, http:\/\/www.feuerwehr-damme.de\/wp-content\/uploads\/2025\/09\/Baumstubbenbrand-Bexaddetal-01.09.25-07-144x144.jpg 144w\" sizes=\"auto, (max-width: 150px) 100vw, 150px\" \/><\/a>\n\t\t\t<\/dt><\/dl><br style=\"clear: both\" \/><dl class='gallery-item'>\n\t\t\t<dt class='gallery-icon portrait'>\n\t\t\t\t<a href='http:\/\/www.feuerwehr-damme.de\/wp-content\/uploads\/2025\/09\/Baumstubbenbrand-Bexaddetal-01.09.25-08.jpg' rel=\"lightbox[20116]\"><img loading=\"lazy\" decoding=\"async\" width=\"150\" height=\"150\" src=\"http:\/\/www.feuerwehr-damme.de\/wp-content\/uploads\/2025\/09\/Baumstubbenbrand-Bexaddetal-01.09.25-08-150x150.jpg\" class=\"attachment-thumbnail size-thumbnail\" alt=\"\" srcset=\"http:\/\/www.feuerwehr-damme.de\/wp-content\/uploads\/2025\/09\/Baumstubbenbrand-Bexaddetal-01.09.25-08-150x150.jpg 150w, http:\/\/www.feuerwehr-damme.de\/wp-content\/uploads\/2025\/09\/Baumstubbenbrand-Bexaddetal-01.09.25-08-144x144.jpg 144w\" sizes=\"auto, (max-width: 150px) 100vw, 150px\" \/><\/a>\n\t\t\t<\/dt><\/dl><dl class='gallery-item'>\n\t\t\t<dt class='gallery-icon portrait'>\n\t\t\t\t<a href='http:\/\/www.feuerwehr-damme.de\/wp-content\/uploads\/2025\/09\/Baumstubbenbrand-Bexaddetal-01.09.25-09.jpg' rel=\"lightbox[20116]\"><img loading=\"lazy\" decoding=\"async\" width=\"150\" height=\"150\" src=\"http:\/\/www.feuerwehr-damme.de\/wp-content\/uploads\/2025\/09\/Baumstubbenbrand-Bexaddetal-01.09.25-09-150x150.jpg\" class=\"attachment-thumbnail size-thumbnail\" alt=\"\" srcset=\"http:\/\/www.feuerwehr-damme.de\/wp-content\/uploads\/2025\/09\/Baumstubbenbrand-Bexaddetal-01.09.25-09-150x150.jpg 150w, http:\/\/www.feuerwehr-damme.de\/wp-content\/uploads\/2025\/09\/Baumstubbenbrand-Bexaddetal-01.09.25-09-144x144.jpg 144w\" sizes=\"auto, (max-width: 150px) 100vw, 150px\" \/><\/a>\n\t\t\t<\/dt><\/dl><dl class='gallery-item'>\n\t\t\t<dt class='gallery-icon portrait'>\n\t\t\t\t<a href='http:\/\/www.feuerwehr-damme.de\/wp-content\/uploads\/2025\/09\/Baumstubbenbrand-Bexaddetal-01.09.25-10.jpg' rel=\"lightbox[20116]\"><img loading=\"lazy\" decoding=\"async\" width=\"150\" height=\"150\" src=\"http:\/\/www.feuerwehr-damme.de\/wp-content\/uploads\/2025\/09\/Baumstubbenbrand-Bexaddetal-01.09.25-10-150x150.jpg\" class=\"attachment-thumbnail size-thumbnail\" alt=\"\" srcset=\"http:\/\/www.feuerwehr-damme.de\/wp-content\/uploads\/2025\/09\/Baumstubbenbrand-Bexaddetal-01.09.25-10-150x150.jpg 150w, http:\/\/www.feuerwehr-damme.de\/wp-content\/uploads\/2025\/09\/Baumstubbenbrand-Bexaddetal-01.09.25-10-144x144.jpg 144w\" sizes=\"auto, (max-width: 150px) 100vw, 150px\" \/><\/a>\n\t\t\t<\/dt><\/dl><br style=\"clear: both\" \/><dl class='gallery-item'>\n\t\t\t<dt class='gallery-icon portrait'>\n\t\t\t\t<a href='http:\/\/www.feuerwehr-damme.de\/wp-content\/uploads\/2025\/09\/Baumstubbenbrand-Bexaddetal-01.09.25-12.jpg' rel=\"lightbox[20116]\"><img loading=\"lazy\" decoding=\"async\" width=\"150\" height=\"150\" src=\"http:\/\/www.feuerwehr-damme.de\/wp-content\/uploads\/2025\/09\/Baumstubbenbrand-Bexaddetal-01.09.25-12-150x150.jpg\" class=\"attachment-thumbnail size-thumbnail\" alt=\"\" srcset=\"http:\/\/www.feuerwehr-damme.de\/wp-content\/uploads\/2025\/09\/Baumstubbenbrand-Bexaddetal-01.09.25-12-150x150.jpg 150w, http:\/\/www.feuerwehr-damme.de\/wp-content\/uploads\/2025\/09\/Baumstubbenbrand-Bexaddetal-01.09.25-12-144x144.jpg 144w\" sizes=\"auto, (max-width: 150px) 100vw, 150px\" \/><\/a>\n\t\t\t<\/dt><\/dl><dl class='gallery-item'>\n\t\t\t<dt class='gallery-icon portrait'>\n\t\t\t\t<a href='http:\/\/www.feuerwehr-damme.de\/wp-content\/uploads\/2025\/09\/Baumstubbenbrand-Bexaddetal-01.09.25-13.jpg' rel=\"lightbox[20116]\"><img loading=\"lazy\" decoding=\"async\" width=\"150\" height=\"150\" src=\"http:\/\/www.feuerwehr-damme.de\/wp-content\/uploads\/2025\/09\/Baumstubbenbrand-Bexaddetal-01.09.25-13-150x150.jpg\" class=\"attachment-thumbnail size-thumbnail\" alt=\"\" srcset=\"http:\/\/www.feuerwehr-damme.de\/wp-content\/uploads\/2025\/09\/Baumstubbenbrand-Bexaddetal-01.09.25-13-150x150.jpg 150w, http:\/\/www.feuerwehr-damme.de\/wp-content\/uploads\/2025\/09\/Baumstubbenbrand-Bexaddetal-01.09.25-13-144x144.jpg 144w\" sizes=\"auto, (max-width: 150px) 100vw, 150px\" \/><\/a>\n\t\t\t<\/dt><\/dl><dl class='gallery-item'>\n\t\t\t<dt class='gallery-icon portrait'>\n\t\t\t\t<a href='http:\/\/www.feuerwehr-damme.de\/wp-content\/uploads\/2025\/09\/Baumstubbenbrand-Bexaddetal-01.09.25-14.jpg' rel=\"lightbox[20116]\"><img loading=\"lazy\" decoding=\"async\" width=\"150\" height=\"150\" src=\"http:\/\/www.feuerwehr-damme.de\/wp-content\/uploads\/2025\/09\/Baumstubbenbrand-Bexaddetal-01.09.25-14-150x150.jpg\" class=\"attachment-thumbnail size-thumbnail\" alt=\"\" srcset=\"http:\/\/www.feuerwehr-damme.de\/wp-content\/uploads\/2025\/09\/Baumstubbenbrand-Bexaddetal-01.09.25-14-150x150.jpg 150w, http:\/\/www.feuerwehr-damme.de\/wp-content\/uploads\/2025\/09\/Baumstubbenbrand-Bexaddetal-01.09.25-14-144x144.jpg 144w\" sizes=\"auto, (max-width: 150px) 100vw, 150px\" \/><\/a>\n\t\t\t<\/dt><\/dl><br style=\"clear: both\" \/><dl class='gallery-item'>\n\t\t\t<dt class='gallery-icon portrait'>\n\t\t\t\t<a href='http:\/\/www.feuerwehr-damme.de\/wp-content\/uploads\/2025\/09\/Baumstubbenbrand-Bexaddetal-01.09.25-15.jpg' rel=\"lightbox[20116]\"><img loading=\"lazy\" decoding=\"async\" width=\"150\" height=\"150\" src=\"http:\/\/www.feuerwehr-damme.de\/wp-content\/uploads\/2025\/09\/Baumstubbenbrand-Bexaddetal-01.09.25-15-150x150.jpg\" class=\"attachment-thumbnail size-thumbnail\" alt=\"\" srcset=\"http:\/\/www.feuerwehr-damme.de\/wp-content\/uploads\/2025\/09\/Baumstubbenbrand-Bexaddetal-01.09.25-15-150x150.jpg 150w, http:\/\/www.feuerwehr-damme.de\/wp-content\/uploads\/2025\/09\/Baumstubbenbrand-Bexaddetal-01.09.25-15-144x144.jpg 144w\" sizes=\"auto, (max-width: 150px) 100vw, 150px\" \/><\/a>\n\t\t\t<\/dt><\/dl><dl class='gallery-item'>\n\t\t\t<dt class='gallery-icon portrait'>\n\t\t\t\t<a href='http:\/\/www.feuerwehr-damme.de\/wp-content\/uploads\/2025\/09\/Baumstubbenbrand-Bexaddetal-01.09.25-16.jpg' rel=\"lightbox[20116]\"><img loading=\"lazy\" decoding=\"async\" width=\"150\" height=\"150\" src=\"http:\/\/www.feuerwehr-damme.de\/wp-content\/uploads\/2025\/09\/Baumstubbenbrand-Bexaddetal-01.09.25-16-150x150.jpg\" class=\"attachment-thumbnail size-thumbnail\" alt=\"\" srcset=\"http:\/\/www.feuerwehr-damme.de\/wp-content\/uploads\/2025\/09\/Baumstubbenbrand-Bexaddetal-01.09.25-16-150x150.jpg 150w, http:\/\/www.feuerwehr-damme.de\/wp-content\/uploads\/2025\/09\/Baumstubbenbrand-Bexaddetal-01.09.25-16-144x144.jpg 144w\" sizes=\"auto, (max-width: 150px) 100vw, 150px\" \/><\/a>\n\t\t\t<\/dt><\/dl><dl class='gallery-item'>\n\t\t\t<dt class='gallery-icon portrait'>\n\t\t\t\t<a href='http:\/\/www.feuerwehr-damme.de\/wp-content\/uploads\/2025\/09\/Baumstubbenbrand-Bexaddetal-01.09.25-17.jpg' rel=\"lightbox[20116]\"><img loading=\"lazy\" decoding=\"async\" width=\"150\" height=\"150\" src=\"http:\/\/www.feuerwehr-damme.de\/wp-content\/uploads\/2025\/09\/Baumstubbenbrand-Bexaddetal-01.09.25-17-150x150.jpg\" class=\"attachment-thumbnail size-thumbnail\" alt=\"\" srcset=\"http:\/\/www.feuerwehr-damme.de\/wp-content\/uploads\/2025\/09\/Baumstubbenbrand-Bexaddetal-01.09.25-17-150x150.jpg 150w, http:\/\/www.feuerwehr-damme.de\/wp-content\/uploads\/2025\/09\/Baumstubbenbrand-Bexaddetal-01.09.25-17-144x144.jpg 144w\" sizes=\"auto, (max-width: 150px) 100vw, 150px\" \/><\/a>\n\t\t\t<\/dt><\/dl><br style=\"clear: both\" \/><dl class='gallery-item'>\n\t\t\t<dt class='gallery-icon portrait'>\n\t\t\t\t<a href='http:\/\/www.feuerwehr-damme.de\/wp-content\/uploads\/2025\/09\/Baumstubbenbrand-Bexaddetal-01.09.25-18.jpg' rel=\"lightbox[20116]\"><img loading=\"lazy\" decoding=\"async\" width=\"150\" height=\"150\" src=\"http:\/\/www.feuerwehr-damme.de\/wp-content\/uploads\/2025\/09\/Baumstubbenbrand-Bexaddetal-01.09.25-18-150x150.jpg\" class=\"attachment-thumbnail size-thumbnail\" alt=\"\" srcset=\"http:\/\/www.feuerwehr-damme.de\/wp-content\/uploads\/2025\/09\/Baumstubbenbrand-Bexaddetal-01.09.25-18-150x150.jpg 150w, http:\/\/www.feuerwehr-damme.de\/wp-content\/uploads\/2025\/09\/Baumstubbenbrand-Bexaddetal-01.09.25-18-144x144.jpg 144w\" sizes=\"auto, (max-width: 150px) 100vw, 150px\" \/><\/a>\n\t\t\t<\/dt><\/dl>\n\t\t\t<br style='clear: both' \/>\n\t\t<\/div>\n\n","protected":false},"excerpt":{"rendered":"<p>Einsatz Nr. 77 vom 01.09.2025 Um 08:26 wurde die Feuerwehr Damme zu einem Brand in einem Waldst\u00fcck im Bexaddetal, hinter dem ehemaligen Kloster, alarmiert.\u00a0 Die erste Lageerkundung durch den Einsatzleiter ergab, dass die Einsatzstelle ca. 800 Meter weit im Wald lag. Dort brannte, aus unbekannter Ursache, ein Baumstumpf. Da von der Klosterseite aus die Einsatzstelle [&hellip;]<\/p>\n","protected":false},"author":2,"featured_media":0,"comment_status":"closed","ping_status":"open","sticky":false,"template":"","format":"standard","meta":{"footnotes":""},"categories":[4],"tags":[],"class_list":["post-20116","post","type-post","status-publish","format-standard","hentry","category-einsaetze"],"_links":{"self":[{"href":"http:\/\/www.feuerwehr-damme.de\/index.php?rest_route=\/wp\/v2\/posts\/20116","targetHints":{"allow":["GET"]}}],"collection":[{"href":"http:\/\/www.feuerwehr-damme.de\/index.php?rest_route=\/wp\/v2\/posts"}],"about":[{"href":"http:\/\/www.feuerwehr-damme.de\/index.php?rest_route=\/wp\/v2\/types\/post"}],"author":[{"embeddable":true,"href":"http:\/\/www.feuerwehr-damme.de\/index.php?rest_route=\/wp\/v2\/users\/2"}],"replies":[{"embeddable":true,"href":"http:\/\/www.feuerwehr-damme.de\/index.php?rest_route=%2Fwp%2Fv2%2Fcomments&post=20116"}],"version-history":[{"count":4,"href":"http:\/\/www.feuerwehr-damme.de\/index.php?rest_route=\/wp\/v2\/posts\/20116\/revisions"}],"predecessor-version":[{"id":20140,"href":"http:\/\/www.feuerwehr-damme.de\/index.php?rest_route=\/wp\/v2\/posts\/20116\/revisions\/20140"}],"wp:attachment":[{"href":"http:\/\/www.feuerwehr-damme.de\/index.php?rest_route=%2Fwp%2Fv2%2Fmedia&parent=20116"}],"wp:term":[{"taxonomy":"category","embeddable":true,"href":"http:\/\/www.feuerwehr-damme.de\/index.php?rest_route=%2Fwp%2Fv2%2Fcategories&post=20116"},{"taxonomy":"post_tag","embeddable":true,"href":"http:\/\/www.feuerwehr-damme.de\/index.php?rest_route=%2Fwp%2Fv2%2Ftags&post=20116"}],"curies":[{"name":"wp","href":"https:\/\/api.w.org\/{rel}","templated":true}]}}