{"id":20141,"date":"2025-09-02T12:50:21","date_gmt":"2025-09-02T10:50:21","guid":{"rendered":"http:\/\/www.feuerwehr-damme.de\/?p=20141"},"modified":"2025-09-03T12:47:39","modified_gmt":"2025-09-03T10:47:39","slug":"brandeinsatz-fachgeschaeft-am-kirchplatz-damme","status":"publish","type":"post","link":"http:\/\/www.feuerwehr-damme.de\/?p=20141","title":{"rendered":"Brandeinsatz Fachgesch\u00e4ft Am Kirchplatz Damme"},"content":{"rendered":"<p>Einsatz Nr. 78 vom 02.09.2025<br \/>\nUm 12:50 wurde die Feuerwehr Damme zu einem Brandeinsatz bei einem Wohn- und Gesch\u00e4ftshaus \u00a0am Kirchplatz in Damme alarmiert.<\/p>\n<p>Aus einem Kellerschacht drang starker Brandrauch heraus.<\/p>\n<p>Nach der ersten Lageerkundung stellte sich heraus, dass Laub in dem Kellerschacht aus ungekl\u00e4rter Ursache in Brand geraten war. \u00a0Von Mitarbeitern war das Feuer schon mittels eines Eimers mit Wasser gel\u00f6scht worden.<\/p>\n<p>Von der Feuerwehr wurden noch Nachl\u00f6scharbeiten durchgef\u00fchrt. Zudem wurde der Kellerschacht mittels W\u00e4rmebildkamera auf eventuelle Glutnester hin kontrolliert. Bei der Kontrolle wurde festgestellt, dass durch einen L\u00fcftungsschacht Rauch in den Heizungsraum im Keller gezogen war und dieser stark verraucht war. Mittels Hochdruckl\u00fcfter wurde der Keller vom Brandrauch befreit.<\/p>\n<p>Im Einsatz: PKW Stv. OrtsBM, LF 20, ELW 1<br \/>\nArt: F 1<br \/>\nAlarmierungsgruppen: F\u00fchrung\/ LG 1\/ LG 2<br \/>\nEinsatzende: 14:15<\/p>\n","protected":false},"excerpt":{"rendered":"<p>Einsatz Nr. 78 vom 02.09.2025 Um 12:50 wurde die Feuerwehr Damme zu einem Brandeinsatz bei einem Wohn- und Gesch\u00e4ftshaus \u00a0am Kirchplatz in Damme alarmiert. Aus einem Kellerschacht drang starker Brandrauch heraus. Nach der ersten Lageerkundung stellte sich heraus, dass Laub in dem Kellerschacht aus ungekl\u00e4rter Ursache in Brand geraten war. \u00a0Von Mitarbeitern war das Feuer [&hellip;]<\/p>\n","protected":false},"author":2,"featured_media":0,"comment_status":"closed","ping_status":"open","sticky":false,"template":"","format":"standard","meta":{"footnotes":""},"categories":[4],"tags":[],"class_list":["post-20141","post","type-post","status-publish","format-standard","hentry","category-einsaetze"],"_links":{"self":[{"href":"http:\/\/www.feuerwehr-damme.de\/index.php?rest_route=\/wp\/v2\/posts\/20141","targetHints":{"allow":["GET"]}}],"collection":[{"href":"http:\/\/www.feuerwehr-damme.de\/index.php?rest_route=\/wp\/v2\/posts"}],"about":[{"href":"http:\/\/www.feuerwehr-damme.de\/index.php?rest_route=\/wp\/v2\/types\/post"}],"author":[{"embeddable":true,"href":"http:\/\/www.feuerwehr-damme.de\/index.php?rest_route=\/wp\/v2\/users\/2"}],"replies":[{"embeddable":true,"href":"http:\/\/www.feuerwehr-damme.de\/index.php?rest_route=%2Fwp%2Fv2%2Fcomments&post=20141"}],"version-history":[{"count":1,"href":"http:\/\/www.feuerwehr-damme.de\/index.php?rest_route=\/wp\/v2\/posts\/20141\/revisions"}],"predecessor-version":[{"id":20142,"href":"http:\/\/www.feuerwehr-damme.de\/index.php?rest_route=\/wp\/v2\/posts\/20141\/revisions\/20142"}],"wp:attachment":[{"href":"http:\/\/www.feuerwehr-damme.de\/index.php?rest_route=%2Fwp%2Fv2%2Fmedia&parent=20141"}],"wp:term":[{"taxonomy":"category","embeddable":true,"href":"http:\/\/www.feuerwehr-damme.de\/index.php?rest_route=%2Fwp%2Fv2%2Fcategories&post=20141"},{"taxonomy":"post_tag","embeddable":true,"href":"http:\/\/www.feuerwehr-damme.de\/index.php?rest_route=%2Fwp%2Fv2%2Ftags&post=20141"}],"curies":[{"name":"wp","href":"https:\/\/api.w.org\/{rel}","templated":true}]}}