{"id":20144,"date":"2025-09-06T10:00:06","date_gmt":"2025-09-06T08:00:06","guid":{"rendered":"http:\/\/www.feuerwehr-damme.de\/?p=20144"},"modified":"2025-09-08T19:57:20","modified_gmt":"2025-09-08T17:57:20","slug":"kreisfeuerwehrbereitschaftsuebung-in-suedlohne","status":"publish","type":"post","link":"http:\/\/www.feuerwehr-damme.de\/?p=20144","title":{"rendered":"Kreisfeuerwehrbereitschafts\u00fcbung in S\u00fcdlohne"},"content":{"rendered":"<p><span style=\"font-weight: 400;\">Einsatz Nr. 79<\/span><span style=\"font-weight: 400;\"><br \/>\n<\/span><span style=\"font-weight: 400;\">Von Samstag, den 06.09. 10 Uhr, bis Sonntag den 07.09.2025 nahmen die Kameraden der Feuerwehr Damme an einer \u00dcbung der Kreisfeuerwehrbereitschaft des LK Vechta in S\u00fcdlohne teil.<\/span><\/p>\n<p><span style=\"font-weight: 400;\">Angenommen wurde ein gr\u00f6\u00dferer Moorbrand, welcher au\u00dfer Kontrolle geraten war und auf angrenzende G\u00e4rten \u00fcberzugreifen drohte.<\/span><\/p>\n<p><span style=\"font-weight: 400;\">Aufgabe des 4. Zuges, zu dem die Dammer Kameraden geh\u00f6ren, war u.a. Aufbau einer Wasserversorgung durch einen 5000 Liter fassenden Faltbeh\u00e4lter sowie eine Riegelstellung und Brandbek\u00e4mpfung in den angrenzenden G\u00e4rten.<\/span><\/p>\n<p><span style=\"font-weight: 400;\">N\u00e4here Infos siehe: <\/span><a href=\"https:\/\/www.kreisfeuerwehrverband-vechta.de\/?p=10372\" target=\"_blank\" rel=\"noopener\"><b>Kreisfeuerwehrverband Vechta<\/b><\/a><\/p>\n<p><span style=\"font-weight: 400;\">Im Einsatz: FF Damme mit 9 Kameraden und LF 20 KatS, I \u2013 V Zug der Kreisfeuerwehrbereitschaft des LK Vechta<\/span><span style=\"font-weight: 400;\"><br \/>\n<\/span><span style=\"font-weight: 400;\">Art: \u00dcbung<\/span><span style=\"font-weight: 400;\"><br \/>\n<\/span><span style=\"font-weight: 400;\">Alarmierung: Telefonisch<\/span><span style=\"font-weight: 400;\"><br \/>\n<\/span><span style=\"font-weight: 400;\">\u00dcbungsende: Sonntag 13:00<\/span><\/p>\n<p><span style=\"font-weight: 400;\">Siehe auch: <\/span><a href=\"https:\/\/www.kreisfeuerwehrverband-vechta.de\/?page_id=10070\" target=\"_blank\" rel=\"noopener\"><b>Einheiten der Kreisfeuerwehrbereitschaft<\/b><\/a><\/p>\n\n\t\t<style type=\"text\/css\">\n\t\t\t#gallery-1 {\n\t\t\t\tmargin: auto;\n\t\t\t}\n\t\t\t#gallery-1 .gallery-item {\n\t\t\t\tfloat: left;\n\t\t\t\tmargin-top: 10px;\n\t\t\t\ttext-align: center;\n\t\t\t\twidth: 33%;\n\t\t\t}\n\t\t\t#gallery-1 img {\n\t\t\t\tborder: 2px solid #cfcfcf;\n\t\t\t}\n\t\t\t#gallery-1 .gallery-caption {\n\t\t\t\tmargin-left: 0;\n\t\t\t}\n\t\t\t\/* see gallery_shortcode() in wp-includes\/media.php *\/\n\t\t<\/style>\n\t\t<div id='gallery-1' class='gallery galleryid-20144 gallery-columns-3 gallery-size-thumbnail'><dl class='gallery-item'>\n\t\t\t<dt class='gallery-icon portrait'>\n\t\t\t\t<a href='http:\/\/www.feuerwehr-damme.de\/wp-content\/uploads\/2025\/09\/KFB-Uebung-Suedlohne-06.09.25-01.jpg' rel=\"lightbox[20144]\"><img loading=\"lazy\" decoding=\"async\" width=\"150\" height=\"150\" src=\"http:\/\/www.feuerwehr-damme.de\/wp-content\/uploads\/2025\/09\/KFB-Uebung-Suedlohne-06.09.25-01-150x150.jpg\" class=\"attachment-thumbnail size-thumbnail\" alt=\"\" srcset=\"http:\/\/www.feuerwehr-damme.de\/wp-content\/uploads\/2025\/09\/KFB-Uebung-Suedlohne-06.09.25-01-150x150.jpg 150w, http:\/\/www.feuerwehr-damme.de\/wp-content\/uploads\/2025\/09\/KFB-Uebung-Suedlohne-06.09.25-01-144x144.jpg 144w\" sizes=\"auto, (max-width: 150px) 100vw, 150px\" \/><\/a>\n\t\t\t<\/dt><\/dl><dl class='gallery-item'>\n\t\t\t<dt class='gallery-icon portrait'>\n\t\t\t\t<a href='http:\/\/www.feuerwehr-damme.de\/wp-content\/uploads\/2025\/09\/KFB-Uebung-Suedlohne-06.09.25-02.jpg' rel=\"lightbox[20144]\"><img loading=\"lazy\" decoding=\"async\" width=\"150\" height=\"150\" src=\"http:\/\/www.feuerwehr-damme.de\/wp-content\/uploads\/2025\/09\/KFB-Uebung-Suedlohne-06.09.25-02-150x150.jpg\" class=\"attachment-thumbnail size-thumbnail\" alt=\"\" srcset=\"http:\/\/www.feuerwehr-damme.de\/wp-content\/uploads\/2025\/09\/KFB-Uebung-Suedlohne-06.09.25-02-150x150.jpg 150w, http:\/\/www.feuerwehr-damme.de\/wp-content\/uploads\/2025\/09\/KFB-Uebung-Suedlohne-06.09.25-02-144x144.jpg 144w\" sizes=\"auto, (max-width: 150px) 100vw, 150px\" \/><\/a>\n\t\t\t<\/dt><\/dl><dl class='gallery-item'>\n\t\t\t<dt class='gallery-icon landscape'>\n\t\t\t\t<a href='http:\/\/www.feuerwehr-damme.de\/wp-content\/uploads\/2025\/09\/KFB-Uebung-Suedlohne-06.09.25-03.jpg' rel=\"lightbox[20144]\"><img loading=\"lazy\" decoding=\"async\" width=\"150\" height=\"150\" src=\"http:\/\/www.feuerwehr-damme.de\/wp-content\/uploads\/2025\/09\/KFB-Uebung-Suedlohne-06.09.25-03-150x150.jpg\" class=\"attachment-thumbnail size-thumbnail\" alt=\"\" srcset=\"http:\/\/www.feuerwehr-damme.de\/wp-content\/uploads\/2025\/09\/KFB-Uebung-Suedlohne-06.09.25-03-150x150.jpg 150w, http:\/\/www.feuerwehr-damme.de\/wp-content\/uploads\/2025\/09\/KFB-Uebung-Suedlohne-06.09.25-03-144x144.jpg 144w\" sizes=\"auto, (max-width: 150px) 100vw, 150px\" \/><\/a>\n\t\t\t<\/dt><\/dl><br style=\"clear: both\" \/><dl class='gallery-item'>\n\t\t\t<dt class='gallery-icon portrait'>\n\t\t\t\t<a href='http:\/\/www.feuerwehr-damme.de\/wp-content\/uploads\/2025\/09\/KFB-Uebung-Suedlohne-06.09.25-04.jpg' rel=\"lightbox[20144]\"><img loading=\"lazy\" decoding=\"async\" width=\"150\" height=\"150\" src=\"http:\/\/www.feuerwehr-damme.de\/wp-content\/uploads\/2025\/09\/KFB-Uebung-Suedlohne-06.09.25-04-150x150.jpg\" class=\"attachment-thumbnail size-thumbnail\" alt=\"\" srcset=\"http:\/\/www.feuerwehr-damme.de\/wp-content\/uploads\/2025\/09\/KFB-Uebung-Suedlohne-06.09.25-04-150x150.jpg 150w, http:\/\/www.feuerwehr-damme.de\/wp-content\/uploads\/2025\/09\/KFB-Uebung-Suedlohne-06.09.25-04-144x144.jpg 144w\" sizes=\"auto, (max-width: 150px) 100vw, 150px\" \/><\/a>\n\t\t\t<\/dt><\/dl><dl class='gallery-item'>\n\t\t\t<dt class='gallery-icon portrait'>\n\t\t\t\t<a href='http:\/\/www.feuerwehr-damme.de\/wp-content\/uploads\/2025\/09\/KFB-Uebung-Suedlohne-06.09.25-05.jpg' rel=\"lightbox[20144]\"><img loading=\"lazy\" decoding=\"async\" width=\"150\" height=\"150\" src=\"http:\/\/www.feuerwehr-damme.de\/wp-content\/uploads\/2025\/09\/KFB-Uebung-Suedlohne-06.09.25-05-150x150.jpg\" class=\"attachment-thumbnail size-thumbnail\" alt=\"\" srcset=\"http:\/\/www.feuerwehr-damme.de\/wp-content\/uploads\/2025\/09\/KFB-Uebung-Suedlohne-06.09.25-05-150x150.jpg 150w, http:\/\/www.feuerwehr-damme.de\/wp-content\/uploads\/2025\/09\/KFB-Uebung-Suedlohne-06.09.25-05-144x144.jpg 144w\" sizes=\"auto, (max-width: 150px) 100vw, 150px\" \/><\/a>\n\t\t\t<\/dt><\/dl><dl class='gallery-item'>\n\t\t\t<dt class='gallery-icon landscape'>\n\t\t\t\t<a href='http:\/\/www.feuerwehr-damme.de\/wp-content\/uploads\/2025\/09\/KFB-Uebung-Suedlohne-06.09.25-06.jpg' rel=\"lightbox[20144]\"><img loading=\"lazy\" decoding=\"async\" width=\"150\" height=\"150\" src=\"http:\/\/www.feuerwehr-damme.de\/wp-content\/uploads\/2025\/09\/KFB-Uebung-Suedlohne-06.09.25-06-150x150.jpg\" class=\"attachment-thumbnail size-thumbnail\" alt=\"\" srcset=\"http:\/\/www.feuerwehr-damme.de\/wp-content\/uploads\/2025\/09\/KFB-Uebung-Suedlohne-06.09.25-06-150x150.jpg 150w, http:\/\/www.feuerwehr-damme.de\/wp-content\/uploads\/2025\/09\/KFB-Uebung-Suedlohne-06.09.25-06-144x144.jpg 144w\" sizes=\"auto, (max-width: 150px) 100vw, 150px\" \/><\/a>\n\t\t\t<\/dt><\/dl><br style=\"clear: both\" \/>\n\t\t<\/div>\n\n","protected":false},"excerpt":{"rendered":"<p>Einsatz Nr. 79 Von Samstag, den 06.09. 10 Uhr, bis Sonntag den 07.09.2025 nahmen die Kameraden der Feuerwehr Damme an einer \u00dcbung der Kreisfeuerwehrbereitschaft des LK Vechta in S\u00fcdlohne teil. Angenommen wurde ein gr\u00f6\u00dferer Moorbrand, welcher au\u00dfer Kontrolle geraten war und auf angrenzende G\u00e4rten \u00fcberzugreifen drohte. Aufgabe des 4. Zuges, zu dem die Dammer Kameraden [&hellip;]<\/p>\n","protected":false},"author":2,"featured_media":0,"comment_status":"closed","ping_status":"open","sticky":false,"template":"","format":"standard","meta":{"footnotes":""},"categories":[1,7],"tags":[],"class_list":["post-20144","post","type-post","status-publish","format-standard","hentry","category-uncategorized","category-uebungen"],"_links":{"self":[{"href":"http:\/\/www.feuerwehr-damme.de\/index.php?rest_route=\/wp\/v2\/posts\/20144","targetHints":{"allow":["GET"]}}],"collection":[{"href":"http:\/\/www.feuerwehr-damme.de\/index.php?rest_route=\/wp\/v2\/posts"}],"about":[{"href":"http:\/\/www.feuerwehr-damme.de\/index.php?rest_route=\/wp\/v2\/types\/post"}],"author":[{"embeddable":true,"href":"http:\/\/www.feuerwehr-damme.de\/index.php?rest_route=\/wp\/v2\/users\/2"}],"replies":[{"embeddable":true,"href":"http:\/\/www.feuerwehr-damme.de\/index.php?rest_route=%2Fwp%2Fv2%2Fcomments&post=20144"}],"version-history":[{"count":3,"href":"http:\/\/www.feuerwehr-damme.de\/index.php?rest_route=\/wp\/v2\/posts\/20144\/revisions"}],"predecessor-version":[{"id":20153,"href":"http:\/\/www.feuerwehr-damme.de\/index.php?rest_route=\/wp\/v2\/posts\/20144\/revisions\/20153"}],"wp:attachment":[{"href":"http:\/\/www.feuerwehr-damme.de\/index.php?rest_route=%2Fwp%2Fv2%2Fmedia&parent=20144"}],"wp:term":[{"taxonomy":"category","embeddable":true,"href":"http:\/\/www.feuerwehr-damme.de\/index.php?rest_route=%2Fwp%2Fv2%2Fcategories&post=20144"},{"taxonomy":"post_tag","embeddable":true,"href":"http:\/\/www.feuerwehr-damme.de\/index.php?rest_route=%2Fwp%2Fv2%2Ftags&post=20144"}],"curies":[{"name":"wp","href":"https:\/\/api.w.org\/{rel}","templated":true}]}}