{"id":20505,"date":"2026-03-08T00:05:05","date_gmt":"2026-03-07T22:05:05","guid":{"rendered":"http:\/\/www.feuerwehr-damme.de\/?p=20505"},"modified":"2026-03-08T17:52:27","modified_gmt":"2026-03-08T15:52:27","slug":"technische-hilfeleistung-person-hinter-tuer-tuer-oeffnen-ulmenweg-damme","status":"publish","type":"post","link":"http:\/\/www.feuerwehr-damme.de\/?p=20505","title":{"rendered":"Technische Hilfeleistung: Person hinter T\u00fcr, T\u00fcr \u00f6ffnen Ulmenweg Damme"},"content":{"rendered":"<p style=\"background: white; vertical-align: baseline;\"><span style=\"font-size: 10.5pt; font-family: 'Helvetica','sans-serif'; color: #444444;\">Einsatz Nr. 19 vom 08.03.2026<br \/>\nUm 00:05 Uhr wurde die Feuerwehr Damme zu einer technischen Hilfeleistung in Damme alarmiert.<\/span><\/p>\n<p style=\"background: white; vertical-align: baseline;\"><span style=\"font-size: 10.5pt; font-family: 'Helvetica','sans-serif'; color: #444444;\">In einem Mehrfamilienhaus am Ulmenweg war eine erkrankte Person in einer Wohnung, welche sich in einer medizinischen Notlage befand und die Wohnungst\u00fcr nicht mehr selbstst\u00e4ndig \u00f6ffnete.<\/span><\/p>\n<p style=\"background: white; vertical-align: baseline;\"><span style=\"font-size: 10.5pt; font-family: 'Helvetica','sans-serif'; color: #444444;\">Beim Eintreffen der ersten Kr\u00e4fte war die T\u00fcr allerdings bereits offen und die Feuerwehr brauchte vor Ort nicht mehr t\u00e4tig werden.<\/span><\/p>\n<p style=\"background: white; vertical-align: baseline;\"><span style=\"font-size: 10.5pt; font-family: 'Helvetica','sans-serif'; color: #444444;\">Im Einsatz: PKW OrtsBM, HLF 20, RTW 1 Malteser Damme, NEF Malteser Damme, Polizei Damme<br \/>\nArt: MTG 1\/ RD1N<br \/>\nAlarmierungsgruppen: LG F\u00fchrung\/ LG 1<br \/>\nEinsatzende: 00:45<\/span><\/p>\n","protected":false},"excerpt":{"rendered":"<p>Einsatz Nr. 19 vom 08.03.2026 Um 00:05 Uhr wurde die Feuerwehr Damme zu einer technischen Hilfeleistung in Damme alarmiert. In einem Mehrfamilienhaus am Ulmenweg war eine erkrankte Person in einer Wohnung, welche sich in einer medizinischen Notlage befand und die Wohnungst\u00fcr nicht mehr selbstst\u00e4ndig \u00f6ffnete. Beim Eintreffen der ersten Kr\u00e4fte war die T\u00fcr allerdings bereits [&hellip;]<\/p>\n","protected":false},"author":2,"featured_media":0,"comment_status":"closed","ping_status":"open","sticky":false,"template":"","format":"standard","meta":{"footnotes":""},"categories":[4],"tags":[],"class_list":["post-20505","post","type-post","status-publish","format-standard","hentry","category-einsaetze"],"_links":{"self":[{"href":"http:\/\/www.feuerwehr-damme.de\/index.php?rest_route=\/wp\/v2\/posts\/20505","targetHints":{"allow":["GET"]}}],"collection":[{"href":"http:\/\/www.feuerwehr-damme.de\/index.php?rest_route=\/wp\/v2\/posts"}],"about":[{"href":"http:\/\/www.feuerwehr-damme.de\/index.php?rest_route=\/wp\/v2\/types\/post"}],"author":[{"embeddable":true,"href":"http:\/\/www.feuerwehr-damme.de\/index.php?rest_route=\/wp\/v2\/users\/2"}],"replies":[{"embeddable":true,"href":"http:\/\/www.feuerwehr-damme.de\/index.php?rest_route=%2Fwp%2Fv2%2Fcomments&post=20505"}],"version-history":[{"count":2,"href":"http:\/\/www.feuerwehr-damme.de\/index.php?rest_route=\/wp\/v2\/posts\/20505\/revisions"}],"predecessor-version":[{"id":20507,"href":"http:\/\/www.feuerwehr-damme.de\/index.php?rest_route=\/wp\/v2\/posts\/20505\/revisions\/20507"}],"wp:attachment":[{"href":"http:\/\/www.feuerwehr-damme.de\/index.php?rest_route=%2Fwp%2Fv2%2Fmedia&parent=20505"}],"wp:term":[{"taxonomy":"category","embeddable":true,"href":"http:\/\/www.feuerwehr-damme.de\/index.php?rest_route=%2Fwp%2Fv2%2Fcategories&post=20505"},{"taxonomy":"post_tag","embeddable":true,"href":"http:\/\/www.feuerwehr-damme.de\/index.php?rest_route=%2Fwp%2Fv2%2Ftags&post=20505"}],"curies":[{"name":"wp","href":"https:\/\/api.w.org\/{rel}","templated":true}]}}