{"id":20634,"date":"2026-04-15T09:00:28","date_gmt":"2026-04-15T07:00:28","guid":{"rendered":"http:\/\/www.feuerwehr-damme.de\/?p=20634"},"modified":"2026-04-24T17:28:32","modified_gmt":"2026-04-24T15:28:32","slug":"kindertagesstaette-st-katharina-zu-besuch-bei-der-feuerwehr-damme","status":"publish","type":"post","link":"http:\/\/www.feuerwehr-damme.de\/?p=20634","title":{"rendered":"Kindertagesst\u00e4tte St. Katharina zu Besuch bei der Feuerwehr Damme"},"content":{"rendered":"<p>Am Mittwoch den 15.04.2025 besuchten uns mehrere Kinder der KITA St. Katharina aus Damme mit ihren Kinderg\u00e4rtnerinnen die Feuerwehr Damme und informierten sich \u00fcber unsere Arbeit.<\/p>\n<p>Von den Kameraden Claus B\u00f6ckmann und Ulrich Fortmann wurde den Kindern die Ausr\u00fcstung und die Fahrzeuge der Feuerwehr gezeigt.<\/p>\n<p>Neben dem richtigen Verhalten bei einem Notfall und der Nennung der Notrufnummer 112, wurden auch die Arbeit und Aufgaben der Feuerwehr erl\u00e4utert. Beim anschlie\u00dfenden erkunden der Einsatzfahrzeuge konnte jedes Kind einmal selbst in einem Feuerwehrfahrzeug sitzen.<\/p>\n<p>Zum Abschluss durften die Kinder noch mit einem Feuerwehrschlauch und einem Strahlrohr ein \u201cFeuer\u201c l\u00f6schen.<\/p>\n<p>Insgesamt war es f\u00fcr die Kinder wieder eine lehrreiche und interessante, aber auch spa\u00dfige Veranstaltung.<\/p>\n\n\t\t<style type=\"text\/css\">\n\t\t\t#gallery-1 {\n\t\t\t\tmargin: auto;\n\t\t\t}\n\t\t\t#gallery-1 .gallery-item {\n\t\t\t\tfloat: left;\n\t\t\t\tmargin-top: 10px;\n\t\t\t\ttext-align: center;\n\t\t\t\twidth: 33%;\n\t\t\t}\n\t\t\t#gallery-1 img {\n\t\t\t\tborder: 2px solid #cfcfcf;\n\t\t\t}\n\t\t\t#gallery-1 .gallery-caption {\n\t\t\t\tmargin-left: 0;\n\t\t\t}\n\t\t\t\/* see gallery_shortcode() in wp-includes\/media.php *\/\n\t\t<\/style>\n\t\t<div id='gallery-1' class='gallery galleryid-20634 gallery-columns-3 gallery-size-thumbnail'><dl class='gallery-item'>\n\t\t\t<dt class='gallery-icon landscape'>\n\t\t\t\t<a href='http:\/\/www.feuerwehr-damme.de\/wp-content\/uploads\/2026\/04\/KITA-St.-Katharina-zu-Besuch-15.04.26-01.jpg' rel=\"lightbox[20634]\"><img loading=\"lazy\" decoding=\"async\" width=\"150\" height=\"150\" src=\"http:\/\/www.feuerwehr-damme.de\/wp-content\/uploads\/2026\/04\/KITA-St.-Katharina-zu-Besuch-15.04.26-01-150x150.jpg\" class=\"attachment-thumbnail size-thumbnail\" alt=\"\" srcset=\"http:\/\/www.feuerwehr-damme.de\/wp-content\/uploads\/2026\/04\/KITA-St.-Katharina-zu-Besuch-15.04.26-01-150x150.jpg 150w, http:\/\/www.feuerwehr-damme.de\/wp-content\/uploads\/2026\/04\/KITA-St.-Katharina-zu-Besuch-15.04.26-01-144x144.jpg 144w\" sizes=\"auto, (max-width: 150px) 100vw, 150px\" \/><\/a>\n\t\t\t<\/dt><\/dl><dl class='gallery-item'>\n\t\t\t<dt class='gallery-icon portrait'>\n\t\t\t\t<a href='http:\/\/www.feuerwehr-damme.de\/wp-content\/uploads\/2026\/04\/KITA-St.-Katharina-zu-Besuch-15.04.26-02.jpg' rel=\"lightbox[20634]\"><img loading=\"lazy\" decoding=\"async\" width=\"150\" height=\"150\" src=\"http:\/\/www.feuerwehr-damme.de\/wp-content\/uploads\/2026\/04\/KITA-St.-Katharina-zu-Besuch-15.04.26-02-150x150.jpg\" class=\"attachment-thumbnail size-thumbnail\" alt=\"\" srcset=\"http:\/\/www.feuerwehr-damme.de\/wp-content\/uploads\/2026\/04\/KITA-St.-Katharina-zu-Besuch-15.04.26-02-150x150.jpg 150w, http:\/\/www.feuerwehr-damme.de\/wp-content\/uploads\/2026\/04\/KITA-St.-Katharina-zu-Besuch-15.04.26-02-144x144.jpg 144w\" sizes=\"auto, (max-width: 150px) 100vw, 150px\" \/><\/a>\n\t\t\t<\/dt><\/dl><dl class='gallery-item'>\n\t\t\t<dt class='gallery-icon portrait'>\n\t\t\t\t<a href='http:\/\/www.feuerwehr-damme.de\/wp-content\/uploads\/2026\/04\/KITA-St.-Katharina-zu-Besuch-15.04.26-03.jpg' rel=\"lightbox[20634]\"><img loading=\"lazy\" decoding=\"async\" width=\"150\" height=\"150\" src=\"http:\/\/www.feuerwehr-damme.de\/wp-content\/uploads\/2026\/04\/KITA-St.-Katharina-zu-Besuch-15.04.26-03-150x150.jpg\" class=\"attachment-thumbnail size-thumbnail\" alt=\"\" srcset=\"http:\/\/www.feuerwehr-damme.de\/wp-content\/uploads\/2026\/04\/KITA-St.-Katharina-zu-Besuch-15.04.26-03-150x150.jpg 150w, http:\/\/www.feuerwehr-damme.de\/wp-content\/uploads\/2026\/04\/KITA-St.-Katharina-zu-Besuch-15.04.26-03-144x144.jpg 144w\" sizes=\"auto, (max-width: 150px) 100vw, 150px\" \/><\/a>\n\t\t\t<\/dt><\/dl><br style=\"clear: both\" \/>\n\t\t<\/div>\n\n","protected":false},"excerpt":{"rendered":"<p>Am Mittwoch den 15.04.2025 besuchten uns mehrere Kinder der KITA St. Katharina aus Damme mit ihren Kinderg\u00e4rtnerinnen die Feuerwehr Damme und informierten sich \u00fcber unsere Arbeit. Von den Kameraden Claus B\u00f6ckmann und Ulrich Fortmann wurde den Kindern die Ausr\u00fcstung und die Fahrzeuge der Feuerwehr gezeigt. Neben dem richtigen Verhalten bei einem Notfall und der Nennung [&hellip;]<\/p>\n","protected":false},"author":2,"featured_media":0,"comment_status":"closed","ping_status":"open","sticky":false,"template":"","format":"standard","meta":{"footnotes":""},"categories":[1,3],"tags":[],"class_list":["post-20634","post","type-post","status-publish","format-standard","hentry","category-uncategorized","category-brandschutzerziehung"],"_links":{"self":[{"href":"http:\/\/www.feuerwehr-damme.de\/index.php?rest_route=\/wp\/v2\/posts\/20634","targetHints":{"allow":["GET"]}}],"collection":[{"href":"http:\/\/www.feuerwehr-damme.de\/index.php?rest_route=\/wp\/v2\/posts"}],"about":[{"href":"http:\/\/www.feuerwehr-damme.de\/index.php?rest_route=\/wp\/v2\/types\/post"}],"author":[{"embeddable":true,"href":"http:\/\/www.feuerwehr-damme.de\/index.php?rest_route=\/wp\/v2\/users\/2"}],"replies":[{"embeddable":true,"href":"http:\/\/www.feuerwehr-damme.de\/index.php?rest_route=%2Fwp%2Fv2%2Fcomments&post=20634"}],"version-history":[{"count":3,"href":"http:\/\/www.feuerwehr-damme.de\/index.php?rest_route=\/wp\/v2\/posts\/20634\/revisions"}],"predecessor-version":[{"id":20640,"href":"http:\/\/www.feuerwehr-damme.de\/index.php?rest_route=\/wp\/v2\/posts\/20634\/revisions\/20640"}],"wp:attachment":[{"href":"http:\/\/www.feuerwehr-damme.de\/index.php?rest_route=%2Fwp%2Fv2%2Fmedia&parent=20634"}],"wp:term":[{"taxonomy":"category","embeddable":true,"href":"http:\/\/www.feuerwehr-damme.de\/index.php?rest_route=%2Fwp%2Fv2%2Fcategories&post=20634"},{"taxonomy":"post_tag","embeddable":true,"href":"http:\/\/www.feuerwehr-damme.de\/index.php?rest_route=%2Fwp%2Fv2%2Ftags&post=20634"}],"curies":[{"name":"wp","href":"https:\/\/api.w.org\/{rel}","templated":true}]}}