{"id":234,"date":"2008-08-02T18:11:33","date_gmt":"2008-08-02T16:11:33","guid":{"rendered":"http:\/\/cp.rr274.de\/ffw\/?p=709"},"modified":"2008-08-02T18:11:33","modified_gmt":"2008-08-02T16:11:33","slug":"nachloescharbeiten-maehdrescherbrand","status":"publish","type":"post","link":"http:\/\/www.feuerwehr-damme.de\/?p=234","title":{"rendered":"Nachl&#246;scharbeiten M&#228;hdrescherbrand"},"content":{"rendered":"<p>Einsatz Nr. 42<br \/>\nKaum hatten die letzten Kameraden gegen 18:00 Uhr das Feuerwehrhaus verlassen, wurde um 18:11 die Feuerwehr Damme erneut alarmiert. Der M\u00e4hdrescher des vorherigen Einsatzes war wieder in Brand geraten. Mittels Schwerschaum wurde er abgel\u00f6scht. Anschlie\u00dfend wurden nochmals alle Klappen und Hohlr\u00e4ume des M\u00e4hdreschers kontrolliert und vorhandene Glutnester gel\u00f6scht. Gegen 19:30 konnte entg\u00fcltig \u201eFeuer aus\u201c gemeldet werden.<\/p>\n<p>Im Einsatz: ELW, TLF 16\/25, TLF 24\/50, LF 16 TS.<\/p>\n<p><a href=\"http:\/\/www.feuerwehr-damme.de\/wp-content\/uploads\/2008\/08\/mahdrescherbrand_nachloscharbeiten_20080802_021.jpg\" rel=\"lightbox[234]\"><\/a><a href=\"http:\/\/www.feuerwehr-damme.de\/wp-content\/uploads\/2008\/08\/mahdrescherbrand_nachloscharbeiten_20080802_013.jpg\" rel=\"lightbox[234]\"><img loading=\"lazy\" decoding=\"async\" class=\"alignnone size-thumbnail wp-image-451\" title=\"mahdrescherbrand_nachloscharbeiten_20080802_01\" src=\"http:\/\/www.feuerwehr-damme.de\/wp-content\/uploads\/2008\/08\/mahdrescherbrand_nachloscharbeiten_20080802_01-150x150.jpg\" alt=\"\" width=\"150\" height=\"150\" \/>\u00a0<\/a><a href=\"http:\/\/www.feuerwehr-damme.de\/wp-content\/uploads\/2008\/08\/mahdrescherbrand_nachloscharbeiten_20080802_021.jpg\" rel=\"lightbox[234]\"><img loading=\"lazy\" decoding=\"async\" class=\"alignnone size-thumbnail wp-image-455\" title=\"M\u00e4hdrescherbrand_Nachl\u00f6scharbeiten_20080802_02\" src=\"http:\/\/www.feuerwehr-damme.de\/wp-content\/uploads\/2008\/08\/mahdrescherbrand_nachloscharbeiten_20080802_02-150x150.jpg\" alt=\"\" width=\"150\" height=\"150\" \/>\u00a0<a href=\"http:\/\/www.feuerwehr-damme.de\/wp-content\/uploads\/2008\/08\/mahdrescherbrand_nachloscharbeiten_20080802_031.jpg\" rel=\"lightbox[234]\"><img loading=\"lazy\" decoding=\"async\" class=\"alignnone size-thumbnail wp-image-456\" title=\"mahdrescherbrand_nachloscharbeiten_20080802_03\" src=\"http:\/\/www.feuerwehr-damme.de\/wp-content\/uploads\/2008\/08\/mahdrescherbrand_nachloscharbeiten_20080802_03-150x150.jpg\" alt=\"\" width=\"150\" height=\"150\" \/><\/a>\u00a0<a href=\"http:\/\/www.feuerwehr-damme.de\/wp-content\/uploads\/2008\/08\/mahdrescherbrand_nachloscharbeiten_20080802_041.jpg\" rel=\"lightbox[234]\"><img loading=\"lazy\" decoding=\"async\" class=\"alignnone size-thumbnail wp-image-457\" title=\"mahdrescherbrand_nachloscharbeiten_20080802_04\" src=\"http:\/\/www.feuerwehr-damme.de\/wp-content\/uploads\/2008\/08\/mahdrescherbrand_nachloscharbeiten_20080802_04-150x150.jpg\" alt=\"\" width=\"150\" height=\"150\" \/><\/a>\u00a0<a href=\"http:\/\/www.feuerwehr-damme.de\/wp-content\/uploads\/2008\/08\/mahdrescherbrand_nachloscharbeiten_20080802_051.jpg\" rel=\"lightbox[234]\"><img loading=\"lazy\" decoding=\"async\" class=\"alignnone size-thumbnail wp-image-458\" title=\"mahdrescherbrand_nachloscharbeiten_20080802_05\" src=\"http:\/\/www.feuerwehr-damme.de\/wp-content\/uploads\/2008\/08\/mahdrescherbrand_nachloscharbeiten_20080802_05-150x150.jpg\" alt=\"\" width=\"150\" height=\"150\" \/><\/a>\u00a0<a href=\"http:\/\/www.feuerwehr-damme.de\/wp-content\/uploads\/2008\/08\/mahdrescherbrand_nachloscharbeiten_20080802_061.jpg\" rel=\"lightbox[234]\"><img loading=\"lazy\" decoding=\"async\" class=\"alignnone size-thumbnail wp-image-459\" title=\"mahdrescherbrand_nachloscharbeiten_20080802_06\" src=\"http:\/\/www.feuerwehr-damme.de\/wp-content\/uploads\/2008\/08\/mahdrescherbrand_nachloscharbeiten_20080802_06-150x150.jpg\" alt=\"\" width=\"150\" height=\"150\" \/><\/a><\/p>\n","protected":false},"excerpt":{"rendered":"<p>Einsatz Nr. 42 Kaum hatten die letzten Kameraden gegen 18:00 Uhr das Feuerwehrhaus verlassen, wurde um 18:11 die Feuerwehr Damme erneut alarmiert. Der M\u00e4hdrescher des vorherigen Einsatzes war wieder in Brand geraten. Mittels Schwerschaum wurde er abgel\u00f6scht. Anschlie\u00dfend wurden nochmals alle Klappen und Hohlr\u00e4ume des M\u00e4hdreschers kontrolliert und vorhandene Glutnester gel\u00f6scht. Gegen 19:30 konnte entg\u00fcltig [&hellip;]<\/p>\n","protected":false},"author":2,"featured_media":0,"comment_status":"open","ping_status":"closed","sticky":false,"template":"","format":"standard","meta":{"footnotes":""},"categories":[4],"tags":[],"class_list":["post-234","post","type-post","status-publish","format-standard","hentry","category-einsaetze"],"_links":{"self":[{"href":"http:\/\/www.feuerwehr-damme.de\/index.php?rest_route=\/wp\/v2\/posts\/234","targetHints":{"allow":["GET"]}}],"collection":[{"href":"http:\/\/www.feuerwehr-damme.de\/index.php?rest_route=\/wp\/v2\/posts"}],"about":[{"href":"http:\/\/www.feuerwehr-damme.de\/index.php?rest_route=\/wp\/v2\/types\/post"}],"author":[{"embeddable":true,"href":"http:\/\/www.feuerwehr-damme.de\/index.php?rest_route=\/wp\/v2\/users\/2"}],"replies":[{"embeddable":true,"href":"http:\/\/www.feuerwehr-damme.de\/index.php?rest_route=%2Fwp%2Fv2%2Fcomments&post=234"}],"version-history":[{"count":0,"href":"http:\/\/www.feuerwehr-damme.de\/index.php?rest_route=\/wp\/v2\/posts\/234\/revisions"}],"wp:attachment":[{"href":"http:\/\/www.feuerwehr-damme.de\/index.php?rest_route=%2Fwp%2Fv2%2Fmedia&parent=234"}],"wp:term":[{"taxonomy":"category","embeddable":true,"href":"http:\/\/www.feuerwehr-damme.de\/index.php?rest_route=%2Fwp%2Fv2%2Fcategories&post=234"},{"taxonomy":"post_tag","embeddable":true,"href":"http:\/\/www.feuerwehr-damme.de\/index.php?rest_route=%2Fwp%2Fv2%2Ftags&post=234"}],"curies":[{"name":"wp","href":"https:\/\/api.w.org\/{rel}","templated":true}]}}