{"id":4065,"date":"2011-05-10T20:00:22","date_gmt":"2011-05-10T18:00:22","guid":{"rendered":"http:\/\/www.feuerwehr-damme.de\/?p=4065"},"modified":"2011-05-12T08:53:31","modified_gmt":"2011-05-12T06:53:31","slug":"wahl-zum-ortsbrandmeister","status":"publish","type":"post","link":"http:\/\/www.feuerwehr-damme.de\/?p=4065","title":{"rendered":"Wahl zum Ortsbrandmeister"},"content":{"rendered":"<p>Am Dienstag den 10.05.2011 um 20 Uhr fand eine au\u00dferordentliche Mitgliederversammlung der Freiwilligen Feuerwehr Damme im Ger\u00e4tehaus Damme statt.<br \/>\nEs ging um die Wahl zum Ortsbrandmeister und zum Stv. Ortsbrandmeister.<br \/>\nAls Kandidaten zum Ortsbrandmeister standen Udo Schwarz und Uli Hake zur Verf\u00fcgung, als Stv. Ortsbrandmeister Sven Schr\u00f6der.<br \/>\nZum Ortsbrandmeister w\u00e4hlen die Kameraden Udo Schwarz, zum Stv. Ortsbrandmeister Sven Schr\u00f6der. Nach der Best\u00e4tigung durch den Stadtrat beginnt  ihre Amtszeit am 01.12.2011. Die Wahlleitung \u00fcbernahmen der Kreisbrandmeister Matthias Trumme sowie der Stadtbrandmeister Johannes Enneking.<\/p>\n","protected":false},"excerpt":{"rendered":"<p>Am Dienstag den 10.05.2011 um 20 Uhr fand eine au\u00dferordentliche Mitgliederversammlung der Freiwilligen Feuerwehr Damme im Ger\u00e4tehaus Damme statt. Es ging um die Wahl zum Ortsbrandmeister und zum Stv. Ortsbrandmeister. Als Kandidaten zum Ortsbrandmeister standen Udo Schwarz und Uli Hake zur Verf\u00fcgung, als Stv. Ortsbrandmeister Sven Schr\u00f6der. Zum Ortsbrandmeister w\u00e4hlen die Kameraden Udo Schwarz, zum [&hellip;]<\/p>\n","protected":false},"author":2,"featured_media":0,"comment_status":"closed","ping_status":"open","sticky":false,"template":"","format":"standard","meta":{"footnotes":""},"categories":[1],"tags":[],"class_list":["post-4065","post","type-post","status-publish","format-standard","hentry","category-uncategorized"],"_links":{"self":[{"href":"http:\/\/www.feuerwehr-damme.de\/index.php?rest_route=\/wp\/v2\/posts\/4065","targetHints":{"allow":["GET"]}}],"collection":[{"href":"http:\/\/www.feuerwehr-damme.de\/index.php?rest_route=\/wp\/v2\/posts"}],"about":[{"href":"http:\/\/www.feuerwehr-damme.de\/index.php?rest_route=\/wp\/v2\/types\/post"}],"author":[{"embeddable":true,"href":"http:\/\/www.feuerwehr-damme.de\/index.php?rest_route=\/wp\/v2\/users\/2"}],"replies":[{"embeddable":true,"href":"http:\/\/www.feuerwehr-damme.de\/index.php?rest_route=%2Fwp%2Fv2%2Fcomments&post=4065"}],"version-history":[{"count":1,"href":"http:\/\/www.feuerwehr-damme.de\/index.php?rest_route=\/wp\/v2\/posts\/4065\/revisions"}],"predecessor-version":[{"id":4066,"href":"http:\/\/www.feuerwehr-damme.de\/index.php?rest_route=\/wp\/v2\/posts\/4065\/revisions\/4066"}],"wp:attachment":[{"href":"http:\/\/www.feuerwehr-damme.de\/index.php?rest_route=%2Fwp%2Fv2%2Fmedia&parent=4065"}],"wp:term":[{"taxonomy":"category","embeddable":true,"href":"http:\/\/www.feuerwehr-damme.de\/index.php?rest_route=%2Fwp%2Fv2%2Fcategories&post=4065"},{"taxonomy":"post_tag","embeddable":true,"href":"http:\/\/www.feuerwehr-damme.de\/index.php?rest_route=%2Fwp%2Fv2%2Ftags&post=4065"}],"curies":[{"name":"wp","href":"https:\/\/api.w.org\/{rel}","templated":true}]}}