{"id":5608,"date":"2012-05-28T16:17:34","date_gmt":"2012-05-28T15:17:34","guid":{"rendered":"http:\/\/www.feuerwehr-damme.de\/?p=5608"},"modified":"2012-12-15T19:11:11","modified_gmt":"2012-12-15T18:11:11","slug":"technische-hilfeleistung-tur-offnen-im-timpen","status":"publish","type":"post","link":"http:\/\/www.feuerwehr-damme.de\/?p=5608","title":{"rendered":"Technische Hilfeleistung: T\u00fcr \u00f6ffnen &#8222;Im Timpen&#8220;"},"content":{"rendered":"<p>Einsatz Nr. 46<br \/>\nUm 16:17 wurde die Feuerwehr Damme zu einer technischen Hilfeleistung in Osterdamme alarmiert. In einem Mehrfamilienhaus in der Stra\u00dfe \u201eIm Timpen\u201c war eine Person in einer medizinischen Notlage. Auf Grund ihrer Erkrankung war sie jedoch nicht mehr in der Lage, dem Rettungsdienst die T\u00fcr zu \u00f6ffnen. Nach dem \u00d6ffnen der T\u00fcr wurde noch beim Transport des Patienten zum Rettungswagen geholfen.<\/p>\n<p>Im Einsatz: TLF 16\/25, RTW 1 Malteser Damme<br \/>\nArt: MTG 1<br \/>\nMelder: 422<br \/>\nEinsatzende: 16:40<\/p>\n","protected":false},"excerpt":{"rendered":"<p>Einsatz Nr. 46 Um 16:17 wurde die Feuerwehr Damme zu einer technischen Hilfeleistung in Osterdamme alarmiert. In einem Mehrfamilienhaus in der Stra\u00dfe \u201eIm Timpen\u201c war eine Person in einer medizinischen Notlage. Auf Grund ihrer Erkrankung war sie jedoch nicht mehr in der Lage, dem Rettungsdienst die T\u00fcr zu \u00f6ffnen. Nach dem \u00d6ffnen der T\u00fcr wurde [&hellip;]<\/p>\n","protected":false},"author":2,"featured_media":0,"comment_status":"closed","ping_status":"open","sticky":false,"template":"","format":"standard","meta":{"footnotes":""},"categories":[4],"tags":[],"class_list":["post-5608","post","type-post","status-publish","format-standard","hentry","category-einsaetze"],"_links":{"self":[{"href":"http:\/\/www.feuerwehr-damme.de\/index.php?rest_route=\/wp\/v2\/posts\/5608","targetHints":{"allow":["GET"]}}],"collection":[{"href":"http:\/\/www.feuerwehr-damme.de\/index.php?rest_route=\/wp\/v2\/posts"}],"about":[{"href":"http:\/\/www.feuerwehr-damme.de\/index.php?rest_route=\/wp\/v2\/types\/post"}],"author":[{"embeddable":true,"href":"http:\/\/www.feuerwehr-damme.de\/index.php?rest_route=\/wp\/v2\/users\/2"}],"replies":[{"embeddable":true,"href":"http:\/\/www.feuerwehr-damme.de\/index.php?rest_route=%2Fwp%2Fv2%2Fcomments&post=5608"}],"version-history":[{"count":5,"href":"http:\/\/www.feuerwehr-damme.de\/index.php?rest_route=\/wp\/v2\/posts\/5608\/revisions"}],"predecessor-version":[{"id":6319,"href":"http:\/\/www.feuerwehr-damme.de\/index.php?rest_route=\/wp\/v2\/posts\/5608\/revisions\/6319"}],"wp:attachment":[{"href":"http:\/\/www.feuerwehr-damme.de\/index.php?rest_route=%2Fwp%2Fv2%2Fmedia&parent=5608"}],"wp:term":[{"taxonomy":"category","embeddable":true,"href":"http:\/\/www.feuerwehr-damme.de\/index.php?rest_route=%2Fwp%2Fv2%2Fcategories&post=5608"},{"taxonomy":"post_tag","embeddable":true,"href":"http:\/\/www.feuerwehr-damme.de\/index.php?rest_route=%2Fwp%2Fv2%2Ftags&post=5608"}],"curies":[{"name":"wp","href":"https:\/\/api.w.org\/{rel}","templated":true}]}}