{"id":9207,"date":"2015-06-02T21:36:42","date_gmt":"2015-06-02T20:36:42","guid":{"rendered":"http:\/\/www.feuerwehr-damme.de\/?p=9207"},"modified":"2015-06-04T12:15:18","modified_gmt":"2015-06-04T11:15:18","slug":"verkehrsunfall-mit-mehreren-eingeklemmten-personen-dammer-str-schemde","status":"publish","type":"post","link":"http:\/\/www.feuerwehr-damme.de\/?p=9207","title":{"rendered":"Verkehrsunfall mit mehreren Eingeklemmten Personen Dammer Str. Schemde"},"content":{"rendered":"<p>Einsatz Nr. 37<br \/>\nUm 21:32 wurde\u00a0die Feuerwehr Steinfeld zu einem Schweren Verkehrsunfall mit mehreren Eingeklemmten Personen auf der Dammer Stra\u00dfe in Schemde alarmiert. Der ELW 1 der Feuerwehr Damme, der\u00a0sich gerade auf dem R\u00fcckweg vom Einsatz bei der Jugendherberge Damme auf der Steinfelder Str. befand, r\u00fcckte zur Unterst\u00fctzung der Steinfelder Kameraden daraufhin aus.<br \/>\nAuf der Dammer Stra\u00dfe, kurz hinter der Abzweigung der Stra\u00dfe Am Nordenberg, in Richtung Damme, waren zwei PKW frontal zusammengesto\u00dfen. Beide Fahrer wurden in ihren Fahrzeugen eingeklemmt und mussten von der Feuerwehr Steinfeld mit Schere und Spreizer befreit werden. F\u00fcr den Fahrer eines Mazda MX 5 einem 22 j\u00e4hrigen aus Steinfeld, kam jedoch jede Hilfe zu Sp\u00e4t. Er verstarb noch an der Unfallstelle. Die Fahrerin der Mercedes B-Klasse, eine 31 j\u00e4hrige Dammerin,\u00a0wurde schwerverletzt. Sie wurde nach der Erstversorgung durch den Rettungsdienst ins Krankenhaus Damme gebracht.<br \/>\nAn beiden PKW entstand Totalschaden. Die Dammer Stra\u00dfe war w\u00e4hrend der Rettungs- und Bergungsarbeiten f\u00fcr mehrere Stunden voll gesperrt.<\/p>\n<p>Im Einsatz: ELW 1, FF Steinfeld, RTW 1 Malteser Damme, NEF Malteser Damme, RTW 1 Malteser Lohne, Polizei, KIT Team Malteser LK Vechta<br \/>\nArt: MTG 2<br \/>\nMelder: \/<br \/>\nEinsatzende FF Damme: 23:00<\/p>\n<p>Siehe auch: <strong><a href=\"http:\/\/nwm-tv.de\/index.php?article_id=2&amp;news=6774\" target=\"_blank\">Nord-West-Media TV<\/a>, <a href=\"http:\/\/www.ndr.de\/nachrichten\/niedersachsen\/osnabrueck_emsland\/Ein-Toter-nach-Frontalcrash,steinfeld126.html\" target=\"_blank\">Video NDR<\/a>, <a href=\"http:\/\/www.os1.tv\/nachrichten\/blaulichter\/22-jaehriger-mann-verstirbt-bei-unfall_29828\" target=\"_blank\">Video OS 1 TV<\/a><\/strong><\/p>\n","protected":false},"excerpt":{"rendered":"<p>Einsatz Nr. 37 Um 21:32 wurde\u00a0die Feuerwehr Steinfeld zu einem Schweren Verkehrsunfall mit mehreren Eingeklemmten Personen auf der Dammer Stra\u00dfe in Schemde alarmiert. Der ELW 1 der Feuerwehr Damme, der\u00a0sich gerade auf dem R\u00fcckweg vom Einsatz bei der Jugendherberge Damme auf der Steinfelder Str. befand, r\u00fcckte zur Unterst\u00fctzung der Steinfelder Kameraden daraufhin aus. Auf der [&hellip;]<\/p>\n","protected":false},"author":2,"featured_media":0,"comment_status":"closed","ping_status":"open","sticky":false,"template":"","format":"standard","meta":{"footnotes":""},"categories":[4],"tags":[],"class_list":["post-9207","post","type-post","status-publish","format-standard","hentry","category-einsaetze"],"_links":{"self":[{"href":"http:\/\/www.feuerwehr-damme.de\/index.php?rest_route=\/wp\/v2\/posts\/9207","targetHints":{"allow":["GET"]}}],"collection":[{"href":"http:\/\/www.feuerwehr-damme.de\/index.php?rest_route=\/wp\/v2\/posts"}],"about":[{"href":"http:\/\/www.feuerwehr-damme.de\/index.php?rest_route=\/wp\/v2\/types\/post"}],"author":[{"embeddable":true,"href":"http:\/\/www.feuerwehr-damme.de\/index.php?rest_route=\/wp\/v2\/users\/2"}],"replies":[{"embeddable":true,"href":"http:\/\/www.feuerwehr-damme.de\/index.php?rest_route=%2Fwp%2Fv2%2Fcomments&post=9207"}],"version-history":[{"count":4,"href":"http:\/\/www.feuerwehr-damme.de\/index.php?rest_route=\/wp\/v2\/posts\/9207\/revisions"}],"predecessor-version":[{"id":9211,"href":"http:\/\/www.feuerwehr-damme.de\/index.php?rest_route=\/wp\/v2\/posts\/9207\/revisions\/9211"}],"wp:attachment":[{"href":"http:\/\/www.feuerwehr-damme.de\/index.php?rest_route=%2Fwp%2Fv2%2Fmedia&parent=9207"}],"wp:term":[{"taxonomy":"category","embeddable":true,"href":"http:\/\/www.feuerwehr-damme.de\/index.php?rest_route=%2Fwp%2Fv2%2Fcategories&post=9207"},{"taxonomy":"post_tag","embeddable":true,"href":"http:\/\/www.feuerwehr-damme.de\/index.php?rest_route=%2Fwp%2Fv2%2Ftags&post=9207"}],"curies":[{"name":"wp","href":"https:\/\/api.w.org\/{rel}","templated":true}]}}