{"id":9316,"date":"2015-07-03T09:00:25","date_gmt":"2015-07-03T08:00:25","guid":{"rendered":"http:\/\/www.feuerwehr-damme.de\/?p=9316"},"modified":"2015-07-03T12:03:11","modified_gmt":"2015-07-03T11:03:11","slug":"realschueler-zu-besuch-bei-der-feuerwehr","status":"publish","type":"post","link":"http:\/\/www.feuerwehr-damme.de\/?p=9316","title":{"rendered":"Realsch\u00fcler zu Besuch bei der Feuerwehr"},"content":{"rendered":"<p>75 Sch\u00fcler und Sch\u00fclerinnen der Klassen 6a, 6b und 6c der Realschule Damme besuchten mit ihren Lehrerinen Fr. Hermesch, Fr. Thien und ihrem Lehrer Hr. Bohne die Feuerwehr Damme und informierten sich \u00fcber unsere Arbeit. Von den Kameraden Lars B\u00f6ckmann, Daniel D\u00fcvel, Christoph Fischer, Tim Fischer, Florian Schlarmann, Jonas Hohnhorst und J\u00fcrgen Franz wurden ihnen das Feuerwehrhaus, die Fahrzeuge und die Ger\u00e4tschaften vorgestellt. So konnten die Kinder ihr im Unterricht erlerntes Wissen bei der Feuerwehr vor Ort vertiefen.<br \/>\nSowohl praktisch, als auch theoretisch wurde ihnen die Arbeit der Feuerwehr erkl\u00e4rt. So konnte jeder selber einmal ein Strahlrohr in der Hand halten, Damme aus der Drehleiter heraus betrachten, sich mit dem Rollgliss abseilen oder Schere und Spreizer bedienen.<br \/>\nZum Abschluss der Veranstaltung wurde noch eine Fettexplosion gezeigt. Diese hinterlie\u00df bei den Sch\u00fclern einen lehrreichen und hoffentlich bleibenden Eindruck.<\/p>\n\n\t\t<style type=\"text\/css\">\n\t\t\t#gallery-1 {\n\t\t\t\tmargin: auto;\n\t\t\t}\n\t\t\t#gallery-1 .gallery-item {\n\t\t\t\tfloat: left;\n\t\t\t\tmargin-top: 10px;\n\t\t\t\ttext-align: center;\n\t\t\t\twidth: 33%;\n\t\t\t}\n\t\t\t#gallery-1 img {\n\t\t\t\tborder: 2px solid #cfcfcf;\n\t\t\t}\n\t\t\t#gallery-1 .gallery-caption {\n\t\t\t\tmargin-left: 0;\n\t\t\t}\n\t\t\t\/* see gallery_shortcode() in wp-includes\/media.php *\/\n\t\t<\/style>\n\t\t<div id='gallery-1' class='gallery galleryid-9316 gallery-columns-3 gallery-size-thumbnail'><dl class='gallery-item'>\n\t\t\t<dt class='gallery-icon landscape'>\n\t\t\t\t<a href='http:\/\/www.feuerwehr-damme.de\/?attachment_id=9317'><img loading=\"lazy\" decoding=\"async\" width=\"150\" height=\"150\" src=\"http:\/\/www.feuerwehr-damme.de\/wp-content\/uploads\/2015\/07\/Realschule-Damme-03.07.15-01-150x150.jpg\" class=\"attachment-thumbnail size-thumbnail\" alt=\"\" srcset=\"http:\/\/www.feuerwehr-damme.de\/wp-content\/uploads\/2015\/07\/Realschule-Damme-03.07.15-01-150x150.jpg 150w, http:\/\/www.feuerwehr-damme.de\/wp-content\/uploads\/2015\/07\/Realschule-Damme-03.07.15-01-144x144.jpg 144w\" sizes=\"auto, (max-width: 150px) 100vw, 150px\" \/><\/a>\n\t\t\t<\/dt><\/dl><dl class='gallery-item'>\n\t\t\t<dt class='gallery-icon landscape'>\n\t\t\t\t<a href='http:\/\/www.feuerwehr-damme.de\/?attachment_id=9318'><img loading=\"lazy\" decoding=\"async\" width=\"150\" height=\"150\" src=\"http:\/\/www.feuerwehr-damme.de\/wp-content\/uploads\/2015\/07\/Realschule-Damme-03.07.15-03-150x150.jpg\" class=\"attachment-thumbnail size-thumbnail\" alt=\"\" srcset=\"http:\/\/www.feuerwehr-damme.de\/wp-content\/uploads\/2015\/07\/Realschule-Damme-03.07.15-03-150x150.jpg 150w, http:\/\/www.feuerwehr-damme.de\/wp-content\/uploads\/2015\/07\/Realschule-Damme-03.07.15-03-144x144.jpg 144w\" sizes=\"auto, (max-width: 150px) 100vw, 150px\" \/><\/a>\n\t\t\t<\/dt><\/dl><dl class='gallery-item'>\n\t\t\t<dt class='gallery-icon landscape'>\n\t\t\t\t<a href='http:\/\/www.feuerwehr-damme.de\/?attachment_id=9319'><img loading=\"lazy\" decoding=\"async\" width=\"150\" height=\"150\" src=\"http:\/\/www.feuerwehr-damme.de\/wp-content\/uploads\/2015\/07\/Realschule-Damme-03.07.15-05-150x150.jpg\" class=\"attachment-thumbnail size-thumbnail\" alt=\"\" srcset=\"http:\/\/www.feuerwehr-damme.de\/wp-content\/uploads\/2015\/07\/Realschule-Damme-03.07.15-05-150x150.jpg 150w, http:\/\/www.feuerwehr-damme.de\/wp-content\/uploads\/2015\/07\/Realschule-Damme-03.07.15-05-144x144.jpg 144w\" sizes=\"auto, (max-width: 150px) 100vw, 150px\" \/><\/a>\n\t\t\t<\/dt><\/dl><br style=\"clear: both\" \/><dl class='gallery-item'>\n\t\t\t<dt class='gallery-icon landscape'>\n\t\t\t\t<a href='http:\/\/www.feuerwehr-damme.de\/?attachment_id=9320'><img loading=\"lazy\" decoding=\"async\" width=\"150\" height=\"150\" src=\"http:\/\/www.feuerwehr-damme.de\/wp-content\/uploads\/2015\/07\/Realschule-Damme-03.07.15-07-150x150.jpg\" class=\"attachment-thumbnail size-thumbnail\" alt=\"\" srcset=\"http:\/\/www.feuerwehr-damme.de\/wp-content\/uploads\/2015\/07\/Realschule-Damme-03.07.15-07-150x150.jpg 150w, http:\/\/www.feuerwehr-damme.de\/wp-content\/uploads\/2015\/07\/Realschule-Damme-03.07.15-07-144x144.jpg 144w\" sizes=\"auto, (max-width: 150px) 100vw, 150px\" \/><\/a>\n\t\t\t<\/dt><\/dl><dl class='gallery-item'>\n\t\t\t<dt class='gallery-icon landscape'>\n\t\t\t\t<a href='http:\/\/www.feuerwehr-damme.de\/?attachment_id=9321'><img loading=\"lazy\" decoding=\"async\" width=\"150\" height=\"150\" src=\"http:\/\/www.feuerwehr-damme.de\/wp-content\/uploads\/2015\/07\/Realschule-Damme-03.07.15-09-150x150.jpg\" class=\"attachment-thumbnail size-thumbnail\" alt=\"\" srcset=\"http:\/\/www.feuerwehr-damme.de\/wp-content\/uploads\/2015\/07\/Realschule-Damme-03.07.15-09-150x150.jpg 150w, http:\/\/www.feuerwehr-damme.de\/wp-content\/uploads\/2015\/07\/Realschule-Damme-03.07.15-09-144x144.jpg 144w\" sizes=\"auto, (max-width: 150px) 100vw, 150px\" \/><\/a>\n\t\t\t<\/dt><\/dl><dl class='gallery-item'>\n\t\t\t<dt class='gallery-icon landscape'>\n\t\t\t\t<a href='http:\/\/www.feuerwehr-damme.de\/?attachment_id=9322'><img loading=\"lazy\" decoding=\"async\" width=\"150\" height=\"150\" src=\"http:\/\/www.feuerwehr-damme.de\/wp-content\/uploads\/2015\/07\/Realschule-Damme-03.07.15-11-150x150.jpg\" class=\"attachment-thumbnail size-thumbnail\" alt=\"\" srcset=\"http:\/\/www.feuerwehr-damme.de\/wp-content\/uploads\/2015\/07\/Realschule-Damme-03.07.15-11-150x150.jpg 150w, http:\/\/www.feuerwehr-damme.de\/wp-content\/uploads\/2015\/07\/Realschule-Damme-03.07.15-11-144x144.jpg 144w\" sizes=\"auto, (max-width: 150px) 100vw, 150px\" \/><\/a>\n\t\t\t<\/dt><\/dl><br style=\"clear: both\" \/><dl class='gallery-item'>\n\t\t\t<dt class='gallery-icon landscape'>\n\t\t\t\t<a href='http:\/\/www.feuerwehr-damme.de\/?attachment_id=9323'><img loading=\"lazy\" decoding=\"async\" width=\"150\" height=\"150\" src=\"http:\/\/www.feuerwehr-damme.de\/wp-content\/uploads\/2015\/07\/Realschule-Damme-03.07.15-12-150x150.jpg\" class=\"attachment-thumbnail size-thumbnail\" alt=\"\" srcset=\"http:\/\/www.feuerwehr-damme.de\/wp-content\/uploads\/2015\/07\/Realschule-Damme-03.07.15-12-150x150.jpg 150w, http:\/\/www.feuerwehr-damme.de\/wp-content\/uploads\/2015\/07\/Realschule-Damme-03.07.15-12-144x144.jpg 144w\" sizes=\"auto, (max-width: 150px) 100vw, 150px\" \/><\/a>\n\t\t\t<\/dt><\/dl><dl class='gallery-item'>\n\t\t\t<dt class='gallery-icon landscape'>\n\t\t\t\t<a href='http:\/\/www.feuerwehr-damme.de\/?attachment_id=9324'><img loading=\"lazy\" decoding=\"async\" width=\"150\" height=\"150\" src=\"http:\/\/www.feuerwehr-damme.de\/wp-content\/uploads\/2015\/07\/Realschule-Damme-03.07.15-15-150x150.jpg\" class=\"attachment-thumbnail size-thumbnail\" alt=\"\" srcset=\"http:\/\/www.feuerwehr-damme.de\/wp-content\/uploads\/2015\/07\/Realschule-Damme-03.07.15-15-150x150.jpg 150w, http:\/\/www.feuerwehr-damme.de\/wp-content\/uploads\/2015\/07\/Realschule-Damme-03.07.15-15-144x144.jpg 144w\" sizes=\"auto, (max-width: 150px) 100vw, 150px\" \/><\/a>\n\t\t\t<\/dt><\/dl><dl class='gallery-item'>\n\t\t\t<dt class='gallery-icon portrait'>\n\t\t\t\t<a href='http:\/\/www.feuerwehr-damme.de\/?attachment_id=9325'><img loading=\"lazy\" decoding=\"async\" width=\"150\" height=\"150\" src=\"http:\/\/www.feuerwehr-damme.de\/wp-content\/uploads\/2015\/07\/Realschule-Damme-03.07.15-17-150x150.jpg\" class=\"attachment-thumbnail size-thumbnail\" alt=\"\" srcset=\"http:\/\/www.feuerwehr-damme.de\/wp-content\/uploads\/2015\/07\/Realschule-Damme-03.07.15-17-150x150.jpg 150w, http:\/\/www.feuerwehr-damme.de\/wp-content\/uploads\/2015\/07\/Realschule-Damme-03.07.15-17-144x144.jpg 144w\" sizes=\"auto, (max-width: 150px) 100vw, 150px\" \/><\/a>\n\t\t\t<\/dt><\/dl><br style=\"clear: both\" \/><dl class='gallery-item'>\n\t\t\t<dt class='gallery-icon landscape'>\n\t\t\t\t<a href='http:\/\/www.feuerwehr-damme.de\/?attachment_id=9326'><img loading=\"lazy\" decoding=\"async\" width=\"150\" height=\"150\" src=\"http:\/\/www.feuerwehr-damme.de\/wp-content\/uploads\/2015\/07\/Realschule-Damme-03.07.15-21-150x150.jpg\" class=\"attachment-thumbnail size-thumbnail\" alt=\"\" srcset=\"http:\/\/www.feuerwehr-damme.de\/wp-content\/uploads\/2015\/07\/Realschule-Damme-03.07.15-21-150x150.jpg 150w, http:\/\/www.feuerwehr-damme.de\/wp-content\/uploads\/2015\/07\/Realschule-Damme-03.07.15-21-144x144.jpg 144w\" sizes=\"auto, (max-width: 150px) 100vw, 150px\" \/><\/a>\n\t\t\t<\/dt><\/dl><dl class='gallery-item'>\n\t\t\t<dt class='gallery-icon portrait'>\n\t\t\t\t<a href='http:\/\/www.feuerwehr-damme.de\/?attachment_id=9327'><img loading=\"lazy\" decoding=\"async\" width=\"150\" height=\"150\" src=\"http:\/\/www.feuerwehr-damme.de\/wp-content\/uploads\/2015\/07\/Realschule-Damme-03.07.15-22-150x150.jpg\" class=\"attachment-thumbnail size-thumbnail\" alt=\"\" srcset=\"http:\/\/www.feuerwehr-damme.de\/wp-content\/uploads\/2015\/07\/Realschule-Damme-03.07.15-22-150x150.jpg 150w, http:\/\/www.feuerwehr-damme.de\/wp-content\/uploads\/2015\/07\/Realschule-Damme-03.07.15-22-144x144.jpg 144w\" sizes=\"auto, (max-width: 150px) 100vw, 150px\" \/><\/a>\n\t\t\t<\/dt><\/dl><dl class='gallery-item'>\n\t\t\t<dt class='gallery-icon portrait'>\n\t\t\t\t<a href='http:\/\/www.feuerwehr-damme.de\/?attachment_id=9328'><img loading=\"lazy\" decoding=\"async\" width=\"150\" height=\"150\" src=\"http:\/\/www.feuerwehr-damme.de\/wp-content\/uploads\/2015\/07\/Realschule-Damme-03.07.15-25-150x150.jpg\" class=\"attachment-thumbnail size-thumbnail\" alt=\"\" srcset=\"http:\/\/www.feuerwehr-damme.de\/wp-content\/uploads\/2015\/07\/Realschule-Damme-03.07.15-25-150x150.jpg 150w, http:\/\/www.feuerwehr-damme.de\/wp-content\/uploads\/2015\/07\/Realschule-Damme-03.07.15-25-144x144.jpg 144w\" sizes=\"auto, (max-width: 150px) 100vw, 150px\" \/><\/a>\n\t\t\t<\/dt><\/dl><br style=\"clear: both\" \/>\n\t\t<\/div>\n\n","protected":false},"excerpt":{"rendered":"<p>75 Sch\u00fcler und Sch\u00fclerinnen der Klassen 6a, 6b und 6c der Realschule Damme besuchten mit ihren Lehrerinen Fr. Hermesch, Fr. Thien und ihrem Lehrer Hr. Bohne die Feuerwehr Damme und informierten sich \u00fcber unsere Arbeit. Von den Kameraden Lars B\u00f6ckmann, Daniel D\u00fcvel, Christoph Fischer, Tim Fischer, Florian Schlarmann, Jonas Hohnhorst und J\u00fcrgen Franz wurden ihnen [&hellip;]<\/p>\n","protected":false},"author":2,"featured_media":0,"comment_status":"closed","ping_status":"open","sticky":false,"template":"","format":"standard","meta":{"footnotes":""},"categories":[1,3],"tags":[],"class_list":["post-9316","post","type-post","status-publish","format-standard","hentry","category-uncategorized","category-brandschutzerziehung"],"_links":{"self":[{"href":"http:\/\/www.feuerwehr-damme.de\/index.php?rest_route=\/wp\/v2\/posts\/9316","targetHints":{"allow":["GET"]}}],"collection":[{"href":"http:\/\/www.feuerwehr-damme.de\/index.php?rest_route=\/wp\/v2\/posts"}],"about":[{"href":"http:\/\/www.feuerwehr-damme.de\/index.php?rest_route=\/wp\/v2\/types\/post"}],"author":[{"embeddable":true,"href":"http:\/\/www.feuerwehr-damme.de\/index.php?rest_route=\/wp\/v2\/users\/2"}],"replies":[{"embeddable":true,"href":"http:\/\/www.feuerwehr-damme.de\/index.php?rest_route=%2Fwp%2Fv2%2Fcomments&post=9316"}],"version-history":[{"count":1,"href":"http:\/\/www.feuerwehr-damme.de\/index.php?rest_route=\/wp\/v2\/posts\/9316\/revisions"}],"predecessor-version":[{"id":9329,"href":"http:\/\/www.feuerwehr-damme.de\/index.php?rest_route=\/wp\/v2\/posts\/9316\/revisions\/9329"}],"wp:attachment":[{"href":"http:\/\/www.feuerwehr-damme.de\/index.php?rest_route=%2Fwp%2Fv2%2Fmedia&parent=9316"}],"wp:term":[{"taxonomy":"category","embeddable":true,"href":"http:\/\/www.feuerwehr-damme.de\/index.php?rest_route=%2Fwp%2Fv2%2Fcategories&post=9316"},{"taxonomy":"post_tag","embeddable":true,"href":"http:\/\/www.feuerwehr-damme.de\/index.php?rest_route=%2Fwp%2Fv2%2Ftags&post=9316"}],"curies":[{"name":"wp","href":"https:\/\/api.w.org\/{rel}","templated":true}]}}